{"id":15791,"date":"2023-08-17T22:30:02","date_gmt":"2023-08-18T01:30:02","guid":{"rendered":"https:\/\/radiolarioja.com.ar\/rlr\/?p=15791"},"modified":"2023-08-17T22:30:02","modified_gmt":"2023-08-18T01:30:02","slug":"comenzo-el-estudio-clinico-para-el-tratamiento-de-migrana-con-aceite-de-cannabis","status":"publish","type":"post","link":"https:\/\/radiolarioja.com.ar\/rlr\/comenzo-el-estudio-clinico-para-el-tratamiento-de-migrana-con-aceite-de-cannabis\/","title":{"rendered":"Comenz\u00f3 el estudio cl\u00ednico para el tratamiento de migra\u00f1a con aceite de cannabis"},"content":{"rendered":"\n<p><span style=\"background-color:#ffbfb5\" class=\"td_text_highlight_marker\">En La Rioja<\/span><\/p>\n\n\n\n<p><strong>Comenz\u00f3 el estudio cl\u00ednico para el tratamiento de migra\u00f1a con aceite de cannabis<\/strong><\/p>\n\n\n\n<p>El director del Centro de Investigaci\u00f3n en Medicina Traslacional dependiente de la Direcci\u00f3n de Capacitaci\u00f3n del Ministerio de Salud, Carlos Laino, se refiri\u00f3 al inicio de un estudio sobre el uso de aceite de cannabis farmac\u00e9utico en el tratamiento de migra\u00f1a cr\u00f3nica el cual no tiene precedentes en el pa\u00eds.<\/p>\n\n\n\n<p>El estudio comenz\u00f3 hace dos semanas y finalizar\u00e1 aproximadamente dentro de 15 semanas, mientras que los resultados van a estar a fin de a\u00f1o. El mismo involucra a 30 voluntarios mayores de edad que se anotaron en una pre-inscripci\u00f3n. Previamente se realizan estudios para confirmar la migra\u00f1a cr\u00f3nica y una vez que se confirma el diagn\u00f3stico, con autorizaci\u00f3n del paciente se da comienzo al estudio.<\/p>\n\n\n\n<p>Participan del trabajo de investigaci\u00f3n el doctor Carlos Laino, Director del Centro de Investigaci\u00f3n en Medicina Traslacional (CIMT), Alfredo Jos\u00e9 Arroyo, neur\u00f3logo del Hospital Vera Barros, la licenciada Sabrina Amaya, enfermera del Hospital de la Madre y el Ni\u00f1o, y el equipo del Hospital Vera Barros compuestos por un farmac\u00e9utico, Nahuel Maresca, y dos bioqu\u00edmicas, Ana Luz Baz\u00e1n, y Erika Musella.<\/p>\n\n\n\n<p>El titular del CIMT, Carlos Laino, explic\u00f3 que esta investigaci\u00f3n comienza con el aval del paciente, y consiste en proporcionar aceite de cannabis. \u201cSe le toma una muestra de sangre para an\u00e1lisis bioqu\u00edmico realizado en el Hospital Vera Barros.<\/p>\n\n\n\n<p>Mientras que el seguimiento al paciente se hace a trav\u00e9s de visitas m\u00e9dicas y controles telef\u00f3nicos de manera alternativa. Este estudio dura 14 semanas en los cuales el paciente toma el cannabis y al finalizar se analizan los resultados y estad\u00edsticas. Es decir, se analiza si realmente este tipo de aceite result\u00f3 eficaz para disminuir las migra\u00f1as cr\u00f3nicas que ten\u00edan estos pacientes que participan del estudio\u201d.<\/p>\n\n\n\n<p>En este sentido destac\u00f3 que se trata del \u00fanico estudio de este tipo que se est\u00e1 realizando en Argentina, aprobado por la ANMAT, y adem\u00e1s participaron m\u00e9dicos especialistas en cannabis de Uruguay para el dise\u00f1o de los protocolos. Cabe destacar que en Uruguay existen cl\u00ednicas endocannabinoides que est\u00e1n atendidas por m\u00e9dicos especialistas en cannabis medicinal, por lo que aportaron informaci\u00f3n valiosa para la elaboraci\u00f3n de este proyecto.<\/p>\n\n\n\n<p>\u201cCalculamos que a fin de a\u00f1o estar\u00edan los resultados. Es todo un desaf\u00edo porque no hay antecedente en el mundo, estamos haciendo punta y generando evidencia sobre un tema importante a nivel internacional, porque hay mucha gente con esperanzas en este tipo de tratamiento\u201d agreg\u00f3.<\/p>\n\n\n\n<p>El investigador asegur\u00f3 que \u201csi los resultados son positivos, existe la posibilidad de definir y ampliar la investigaci\u00f3n, y que sea publicada en una revista internacional con el aval de especialistas. Muchos m\u00e9dicos no indican porque no hay estudios farmac\u00e9uticos ni evidencia seria en el tema, entonces, la evidencia va a servir para que m\u00e9dicos se animen a recetar porque se indicar\u00eda el aceite y la dosis espec\u00edfica que funcion\u00f3 en dicho estudio\u201d, se\u00f1al\u00f3.<\/p>\n\n\n\n<figure class=\"wp-block-image size-full\"><img decoding=\"async\" src=\"https:\/\/radiolarioja.com.ar\/rlr\/wp-content\/uploads\/2023\/08\/medical-cannabis-15-1024x540-1.webp\" alt=\"\" class=\"wp-image-15793\"\/><\/figure>\n","protected":false},"excerpt":{"rendered":"<p>En La Rioja Comenz\u00f3 el estudio cl\u00ednico para el tratamiento de migra\u00f1a con aceite de cannabis El director<\/p>\n","protected":false},"author":2,"featured_media":15793,"comment_status":"open","ping_status":"open","sticky":false,"template":"","format":"standard","meta":{"footnotes":""},"categories":[12],"tags":[],"class_list":["post-15791","post","type-post","status-publish","format-standard","has-post-thumbnail","hentry","category-local"],"featured_image_urls":{"full":"","thumbnail":"","medium":"","medium_large":"","large":"","1536x1536":"","2048x2048":"","morenews-large":"","morenews-medium":""},"author_info":{"info":["RadioLaRioja"]},"category_info":"<a href=\"https:\/\/radiolarioja.com.ar\/rlr\/category\/local\/\" rel=\"category tag\">Local<\/a>","tag_info":"Local","comment_count":"0","_links":{"self":[{"href":"https:\/\/radiolarioja.com.ar\/rlr\/wp-json\/wp\/v2\/posts\/15791","targetHints":{"allow":["GET"]}}],"collection":[{"href":"https:\/\/radiolarioja.com.ar\/rlr\/wp-json\/wp\/v2\/posts"}],"about":[{"href":"https:\/\/radiolarioja.com.ar\/rlr\/wp-json\/wp\/v2\/types\/post"}],"author":[{"embeddable":true,"href":"https:\/\/radiolarioja.com.ar\/rlr\/wp-json\/wp\/v2\/users\/2"}],"replies":[{"embeddable":true,"href":"https:\/\/radiolarioja.com.ar\/rlr\/wp-json\/wp\/v2\/comments?post=15791"}],"version-history":[{"count":0,"href":"https:\/\/radiolarioja.com.ar\/rlr\/wp-json\/wp\/v2\/posts\/15791\/revisions"}],"wp:featuredmedia":[{"embeddable":true,"href":"https:\/\/radiolarioja.com.ar\/rlr\/wp-json\/"}],"wp:attachment":[{"href":"https:\/\/radiolarioja.com.ar\/rlr\/wp-json\/wp\/v2\/media?parent=15791"}],"wp:term":[{"taxonomy":"category","embeddable":true,"href":"https:\/\/radiolarioja.com.ar\/rlr\/wp-json\/wp\/v2\/categories?post=15791"},{"taxonomy":"post_tag","embeddable":true,"href":"https:\/\/radiolarioja.com.ar\/rlr\/wp-json\/wp\/v2\/tags?post=15791"}],"curies":[{"name":"wp","href":"https:\/\/api.w.org\/{rel}","templated":true}]}}