{"id":15786,"date":"2023-08-17T22:24:21","date_gmt":"2023-08-18T01:24:21","guid":{"rendered":"https:\/\/radiolarioja.com.ar\/rlr\/?p=15786"},"modified":"2023-08-17T22:24:21","modified_gmt":"2023-08-18T01:24:21","slug":"el-temporal-en-la-plata-dejo-al-menos-180-vecinos-evacuados","status":"publish","type":"post","link":"https:\/\/radiolarioja.com.ar\/rlr\/el-temporal-en-la-plata-dejo-al-menos-180-vecinos-evacuados\/","title":{"rendered":"El temporal en La Plata dej\u00f3 al menos 180 vecinos evacuados"},"content":{"rendered":"\n<p>El fuerte temporal que afect\u00f3 a la ciudad de La Plata y que dej\u00f3 m\u00e1s de un millar de familias afectadas por la ca\u00edda de unos 155 mil\u00edmetros de agua en un d\u00eda, provoc\u00f3 la evacuaci\u00f3n de 180 vecinos en centros oficiales, quienes manifestaron que \u00abentre la desesperaci\u00f3n y el miedo\u00bb, decidieron abandonar sus hogares para guarecerse \u00abdel agua y el fr\u00edo\u00bb.<\/p>\n\n\n\n<p>\u00abCuando el agua nos lleg\u00f3 a las rodillas, salimos. Mi marido se iba a quedar a cuidar la casa, pero decidi\u00f3 acompa\u00f1arnos con los chicos\u00bb, se\u00f1al\u00f3 a la agencia T\u00e9lam, \u00c9rica, vecina de la calle 12 entre 95 y 96 y miembro de una de las familias evacuadas en el Club Circunvalaci\u00f3n de La Plata.<\/p>\n\n\n\n<p>El caso de esta familia es casi una excepci\u00f3n, porque la mayor\u00eda decide que la evacuaci\u00f3n la hagan las mujeres y los ni\u00f1os, y que los hombres se queden en las casas cuid\u00e1ndolas ante posibles robos y usurpaciones.<\/p>\n\n\n\n<p>\u00abPrimeros levantamos a los chicos, y despu\u00e9s nos ocupamos de levantar las cosas. Es tanto el miedo y la desesperaci\u00f3n que primero cuid\u00e1s a los nenes\u00bb, indic\u00f3 Cristina de barrio Aeropuerto, que se evacu\u00f3 con sus hijos, su cu\u00f1ada y sus sobrinos, porque sus parejas se quedaron cuidando \u00ablo poco que qued\u00f3 en pie\u00bb.<\/p>\n\n\n\n<p>Las primeras evacuaciones se registraron durante la ma\u00f1ana, ante la subida del agua, tal como le ocurri\u00f3 a Myriam, residente en 11 y 95, que sali\u00f3 junto a su hija y nietos, tras el paso de las tormentas de la madrugada.<\/p>\n\n\n\n<p>\u00abPerdimos todo otra vez, porque siempre nos inundamos, pero esta vez fue casi como el 2 de abril de 2013\u00bb, record\u00f3 la mujer, en referencia a la tr\u00e1gica inundaci\u00f3n que dej\u00f3 al menos 89 muertos y provoc\u00f3 p\u00e9rdidas econ\u00f3micas por m\u00e1s de 800 millones de d\u00f3lares.<\/p>\n\n\n\n<p>Tambi\u00e9n Eliana indic\u00f3 que no era la primera vez que se inundaba y como Myriam se escap\u00f3 del avance del agua junto a sus hijos y nietos: \u00abSe me moj\u00f3 todo, pudimos salir con lo puesto y los trajimos a los nenes todos mojados\u00bb,<\/p>\n\n\n\n<p>\u00abNuestra idea es quedarnos a dormir ac\u00e1 porque no podemos volver ah\u00ed hasta que el agua no baje y se seque el lugar\u00bb, se\u00f1al\u00f3, en referencia a su casa ubicada en 28 entre 89 y 90.<\/p>\n\n\n\n<p>A los centros, adem\u00e1s de evacuados, se acercan vecinos que no fueron afectados por la inundaci\u00f3n. Llegan con bolsas con ropa, con alimentos no perecederos y frazadas.<\/p>\n\n\n\n<p>La subsecretaria de Gesti\u00f3n del Riesgo del municipio, Martina Garc\u00eda, indic\u00f3 que por la tarde se hab\u00edan contabilizado 1.100 afectados y 180 evacuados divididos en tres centros de evacuados oficiales: en calle 137 entre 61 y 62 de Los Hornos, en el Club Circunvalaci\u00f3n 177, entre 77 y 76, de Villa Elvira; en 517 y 172, en Melchor Romero.<\/p>\n\n\n\n<p>Garc\u00eda indic\u00f3 que antes del anochecer junto a personal de Cruz Roja hicieron un relevamiento para contabilizar la cantidad de personas que se quedar\u00edan a pasar la noche en el lugar porque, ante el retiro del agua de varias casas, muchos evacuados hab\u00edan decidido dejar los centros.<\/p>\n\n\n\n<p>Silvana indic\u00f3 ante esta agencia que pasar\u00eda junto a su marido la noche en el centro de evacuados de Los Hornos porque, en su caso, est\u00e1n en situaci\u00f3n de calle.<\/p>\n\n\n\n<p>\u00abNo tenemos domicilio propio y la tormenta nos agarr\u00f3 en la calle, como siempre que no podemos pagar hotel que nos resulta muy caro\u00bb, indic\u00f3, al tiempo que subray\u00f3 que necesitan \u00abayuda para poder tener un hogar y para quedarnos los d\u00edas de lluvia, los d\u00edas de fr\u00edo, adentro, porque la verdad que es muy triste y lo estamos pasando mal\u00bb.<\/p>\n\n\n\n<figure class=\"wp-block-image size-full is-resized\"><img fetchpriority=\"high\" decoding=\"async\" src=\"https:\/\/radiolarioja.com.ar\/rlr\/wp-content\/uploads\/2023\/08\/image-183.webp\" alt=\"\" class=\"wp-image-15788\" style=\"width:952px;height:535px\" width=\"952\" height=\"535\"\/><\/figure>\n","protected":false},"excerpt":{"rendered":"<p>El fuerte temporal que afect\u00f3 a la ciudad de La Plata y que dej\u00f3 m\u00e1s de un millar<\/p>\n","protected":false},"author":2,"featured_media":15788,"comment_status":"open","ping_status":"open","sticky":false,"template":"","format":"standard","meta":{"footnotes":""},"categories":[15],"tags":[],"class_list":["post-15786","post","type-post","status-publish","format-standard","has-post-thumbnail","hentry","category-nacional"],"featured_image_urls":{"full":"","thumbnail":"","medium":"","medium_large":"","large":"","1536x1536":"","2048x2048":"","morenews-large":"","morenews-medium":""},"author_info":{"info":["RadioLaRioja"]},"category_info":"<a href=\"https:\/\/radiolarioja.com.ar\/rlr\/category\/nacional\/\" rel=\"category tag\">Nacional<\/a>","tag_info":"Nacional","comment_count":"0","_links":{"self":[{"href":"https:\/\/radiolarioja.com.ar\/rlr\/wp-json\/wp\/v2\/posts\/15786","targetHints":{"allow":["GET"]}}],"collection":[{"href":"https:\/\/radiolarioja.com.ar\/rlr\/wp-json\/wp\/v2\/posts"}],"about":[{"href":"https:\/\/radiolarioja.com.ar\/rlr\/wp-json\/wp\/v2\/types\/post"}],"author":[{"embeddable":true,"href":"https:\/\/radiolarioja.com.ar\/rlr\/wp-json\/wp\/v2\/users\/2"}],"replies":[{"embeddable":true,"href":"https:\/\/radiolarioja.com.ar\/rlr\/wp-json\/wp\/v2\/comments?post=15786"}],"version-history":[{"count":0,"href":"https:\/\/radiolarioja.com.ar\/rlr\/wp-json\/wp\/v2\/posts\/15786\/revisions"}],"wp:featuredmedia":[{"embeddable":true,"href":"https:\/\/radiolarioja.com.ar\/rlr\/wp-json\/"}],"wp:attachment":[{"href":"https:\/\/radiolarioja.com.ar\/rlr\/wp-json\/wp\/v2\/media?parent=15786"}],"wp:term":[{"taxonomy":"category","embeddable":true,"href":"https:\/\/radiolarioja.com.ar\/rlr\/wp-json\/wp\/v2\/categories?post=15786"},{"taxonomy":"post_tag","embeddable":true,"href":"https:\/\/radiolarioja.com.ar\/rlr\/wp-json\/wp\/v2\/tags?post=15786"}],"curies":[{"name":"wp","href":"https:\/\/api.w.org\/{rel}","templated":true}]}}