{"id":15765,"date":"2023-08-17T13:48:51","date_gmt":"2023-08-17T16:48:51","guid":{"rendered":"https:\/\/radiolarioja.com.ar\/rlr\/?p=15765"},"modified":"2023-08-17T13:48:51","modified_gmt":"2023-08-17T16:48:51","slug":"villalba-la-reforma-constitucional-es-gran-oportunidad-para-optimizar-acceso-a-la-salud-y-garantizar-derechos-en-discapacidad","status":"publish","type":"post","link":"https:\/\/radiolarioja.com.ar\/rlr\/villalba-la-reforma-constitucional-es-gran-oportunidad-para-optimizar-acceso-a-la-salud-y-garantizar-derechos-en-discapacidad\/","title":{"rendered":"VILLALBA: LA REFORMA CONSTITUCIONAL ES GRAN OPORTUNIDAD PARA OPTIMIZAR ACCESO A LA SALUD Y GARANTIZAR DERECHOS EN DISCAPACIDAD"},"content":{"rendered":"\n<p>La instancia de Reforma de la Constituci\u00f3n de la Provincial de La Rioja, es una de los aciertos pol\u00edticos de la \u00faltimas d\u00e9cadas , ser\u00e1 una escelente oportunidad para garantizar los derechos de discapacidad y el acceso universal de la salud, adecuando la nueva Carta Magna Provincial por las fragmentaciones que sufri\u00f3 nuestro sistema sanitario y vendr\u00eda adem\u00e1s a garantizar la ampliaci\u00f3n de derechos a las personas con discapacidad.<\/p>\n\n\n\n<p>Estamos ante un momento hist\u00f3rico de la Reforma Constitucional para garantizar la totalidad de los derechos de las personas con discapacidad y para regular el sistema sanitario asegurando el acceso universal a la Salud de toda la poblaci\u00f3n de la provincia.<br \/>La \u00faltima modificaci\u00f3n en nuestra constituci\u00f3n fue en la reforma del 1986 en el Art. 57 (actualmente 59): \u00a8Derecho a la salud: El Estado asegurar\u00e1 la salud como derecho fundamental de la persona humana. A tal efecto tender\u00e1 a que la atenci\u00f3n sanitaria sea gratuita, igualitaria, integral y regional, creando los organismos t\u00e9cnicos que garanticen la promoci\u00f3n, prevenci\u00f3n, protecci\u00f3n, asistencia y rehabilitaci\u00f3n de la salud f\u00edsica, mental, social conforme al sistema que por la ley se establezca\u00a8.<br \/>Desde ese a\u00f1o el sistema sanitario sufri\u00f3 cambios esenciales y una gran cantidad de fragmentaciones (obras Sociales &#8211; -mutuales \u2013 Prepagas \u2013 Planes M\u00e9dicos \u2013 etc.) que no estaban previstos ni contemplados en esos momentos. Hoy, para asegurar no solo el acceso a las prestaciones sanitarias sino a las nuevas caracter\u00edsticas universales de la atenci\u00f3n medica que son: Igualdad, Oportunidad, accesibilidad, Integridad y Calidad, no solo tendremos que optimizar los Efectores Sanitarios P\u00fablicos sino que regular las obligaciones y responsabilidades de todas las coberturas que hoy conviven es este Sistema Mixto de Salud.<br \/>Para dar un ejemplo la Constituci\u00f3n de la ciudad Aut\u00f3noma de Buenos Aires como en otras provincias ya modific\u00f3 estas necesidades en su Art. 21. \u00a8 La Ciudad conduce, controla y regula el sistema de salud. Financia el \u00e1rea estatal que es el eje de dicho sistema y establece pol\u00edticas de articulaci\u00f3n y complementaci\u00f3n con el sector privado y los organismos de seguridad social\u00a8.<br \/>Tambi\u00e9n es importante que se modifique dicho art\u00edculo donde reconoce al trabajador de Salud como funci\u00f3n Social y no como funci\u00f3n esencial que ser\u00eda lo correcto y merecido despu\u00e9s demostrar su gran labor en esta situaci\u00f3n socio\/sanitaria actual, incluida la experiencia durante el tiempo de Pandemia por el COVID-19.<br \/>La Provincia de la Rioja necesita la creaci\u00f3n por Constituci\u00f3n un Ente Regulador que garantice el cumplimiento efectivo de las pol\u00edticas sanitarias contempladas en la ley, que no solo regule las acciones sanitarias p\u00fablicas, sino que tambi\u00e9n regule las obligaciones y responsabilidades de la obras sociales y todas las coberturas medicas vigentes actualmente en nuestra provincia: con el objetivo de no saturar las tasas en prestaciones m\u00e9dicas en hospitales p\u00fablicos (socializaci\u00f3n del Sistema sanitario), ni mercantilizar este derecho del acceso a la salud con pagos excesivos en personas sin coberturas m\u00e9dicas en consultorios y cl\u00ednicas privadas.<br \/>Desde este punto de vista personal y entendiendo la mirada del gobierno provincial hacia los temas de Gobernanza y Libertad de Expresion; Derecho al agua, energia y conectividad; Coparticipaci\u00f3n; Renta Basica Universal, etc, no puedo dejar de manifestar la importancia de debatir sobre salud y discapacidad en esta nueva reforma constitucional.<br \/>Tambien notamos la necesidad de ampliar el escueto y confuso p\u00e1rrafo constitucional del art 39 de Nuestra Constituci\u00f3n Provincial y pensando en un nuevo paradigma constitucional para nuestra provincia: la discapacidad es la gran deuda social de esta comunidad que esta pandemia dej\u00f3 traslucir por ser el grupo poblacional m\u00e1s vulnerable de la sociedad y requiere un abordaje de integraci\u00f3n que garantizar\u00eda todos los derechos adquiridos desde la \u00faltima modificaci\u00f3n de nuestra Carta Magna Provincial en el a\u00f1o 1986; y con el objetico de eliminar de forma definitiva las barreras que impiden su participaci\u00f3n plena y efectiva en la sociedad en igualdad de condiciones como lo reza el art. 1 de la Convenci\u00f3n de Derechos de las Personas con Discapacidad. Siendo el gran desaf\u00edo mundial y de cada pueblo lograr con las pol\u00edticas de inclusi\u00f3n: la dignidad humana, justicia, igualdad, libertad, solidaridad participaci\u00f3n, no discriminaci\u00f3n, acceso a los derechos, y prestaciones para mejorar la vida; representando la mayor minor\u00eda en la poblaci\u00f3n mundial.<\/p>\n\n\n\n<p>Dr. Oscar Villalba<\/p>\n\n\n\n<p>M\u00e9dico &#8211; Especialista en Pediatr\u00eda y Neurolog\u00eda Infantil<\/p>\n\n\n\n<p>Docente Adjunto de La C\u00e1tedra de Salud P\u00fablica II &#8211; Universidad Nacional de La Rioja<\/p>\n\n\n\n<p>Vocal 1\u00ba Del Colegio M\u00e9dico Gremial<\/p>\n\n\n\n<figure class=\"wp-block-image size-full\"><img decoding=\"async\" src=\"https:\/\/radiolarioja.com.ar\/rlr\/wp-content\/uploads\/2023\/08\/FireShot-Capture-781-WhatsApp-Image-2023-08-17-at-13.30.16.jpeg-459\u00d7774-radiolarioja.com_.ar_.png\" alt=\"\" class=\"wp-image-15773\"\/><\/figure>\n","protected":false},"excerpt":{"rendered":"<p>La instancia de Reforma de la Constituci\u00f3n de la Provincial de La Rioja, es una de los aciertos<\/p>\n","protected":false},"author":2,"featured_media":15773,"comment_status":"open","ping_status":"open","sticky":false,"template":"","format":"standard","meta":{"footnotes":""},"categories":[16],"tags":[],"class_list":["post-15765","post","type-post","status-publish","format-standard","has-post-thumbnail","hentry","category-opinion"],"featured_image_urls":{"full":"","thumbnail":"","medium":"","medium_large":"","large":"","1536x1536":"","2048x2048":"","morenews-large":"","morenews-medium":""},"author_info":{"info":["RadioLaRioja"]},"category_info":"<a href=\"https:\/\/radiolarioja.com.ar\/rlr\/category\/opinion\/\" rel=\"category tag\">Opini\u00f3n<\/a>","tag_info":"Opini\u00f3n","comment_count":"0","_links":{"self":[{"href":"https:\/\/radiolarioja.com.ar\/rlr\/wp-json\/wp\/v2\/posts\/15765","targetHints":{"allow":["GET"]}}],"collection":[{"href":"https:\/\/radiolarioja.com.ar\/rlr\/wp-json\/wp\/v2\/posts"}],"about":[{"href":"https:\/\/radiolarioja.com.ar\/rlr\/wp-json\/wp\/v2\/types\/post"}],"author":[{"embeddable":true,"href":"https:\/\/radiolarioja.com.ar\/rlr\/wp-json\/wp\/v2\/users\/2"}],"replies":[{"embeddable":true,"href":"https:\/\/radiolarioja.com.ar\/rlr\/wp-json\/wp\/v2\/comments?post=15765"}],"version-history":[{"count":0,"href":"https:\/\/radiolarioja.com.ar\/rlr\/wp-json\/wp\/v2\/posts\/15765\/revisions"}],"wp:featuredmedia":[{"embeddable":true,"href":"https:\/\/radiolarioja.com.ar\/rlr\/wp-json\/"}],"wp:attachment":[{"href":"https:\/\/radiolarioja.com.ar\/rlr\/wp-json\/wp\/v2\/media?parent=15765"}],"wp:term":[{"taxonomy":"category","embeddable":true,"href":"https:\/\/radiolarioja.com.ar\/rlr\/wp-json\/wp\/v2\/categories?post=15765"},{"taxonomy":"post_tag","embeddable":true,"href":"https:\/\/radiolarioja.com.ar\/rlr\/wp-json\/wp\/v2\/tags?post=15765"}],"curies":[{"name":"wp","href":"https:\/\/api.w.org\/{rel}","templated":true}]}}