{"id":15758,"date":"2023-08-17T12:57:58","date_gmt":"2023-08-17T15:57:58","guid":{"rendered":"https:\/\/radiolarioja.com.ar\/rlr\/?p=15758"},"modified":"2023-08-17T12:57:58","modified_gmt":"2023-08-17T15:57:58","slug":"jovenes-estudiantes-del-colegio-agrotecnico-11-realizan-sus-practicas-preprofesionales-en-la-empresa-estatal-caudillos-riojanos","status":"publish","type":"post","link":"https:\/\/radiolarioja.com.ar\/rlr\/jovenes-estudiantes-del-colegio-agrotecnico-11-realizan-sus-practicas-preprofesionales-en-la-empresa-estatal-caudillos-riojanos\/","title":{"rendered":"J\u00f3venes estudiantes del Colegio Agrot\u00e9cnico #11 realizan sus pr\u00e1cticas preprofesionales en la empresa estatal Caudillos Riojanos"},"content":{"rendered":"\n<p>La empresa estatal cuenta con una de las caba\u00f1as l\u00edderes en ganader\u00eda en la provincia de La Rioja, donde no s\u00f3lo se apuesta a la investigaci\u00f3n y mejora gen\u00e9tica de los animales bovinos, sino tambi\u00e9n a la educaci\u00f3n p\u00fablica agroindustrial. De esta manera, a trav\u00e9s de un acuerdo celebrado con autoridades del Colegio Agrot\u00e9cnico N\u00ba 11, estudiantes de nivel secundario realizan sus pr\u00e1cticas en las instalaciones de Caudillos Riojanos<\/p>\n\n\n\n<p>Con la finalidad de aportar a los objetivos del Gobierno Provincial y Nacional de generar educaci\u00f3n profesional p\u00fablica de calidad, Caudillos Riojanos abri\u00f3 las puertas de sus instalaciones para que alumnos y alumnas, tanto de nivel secundario como universitario, puedan conocer de primera mano el trabajo ganadero local.<br \/>Agustina Grasselli, presidenta de esta entidad productiva, indic\u00f3 que todos los mi\u00e9rcoles, de 9 a 12, estudiantes del Colegio Agrot\u00e9cnico N\u00ba 11 visitan la caba\u00f1a. \u201cEn el marco de una materia que se llama \u2018Pr\u00e1ctica Profesionalizante&#8217;, los chicos vienen a realizar ac\u00e1 sus pr\u00e1cticas\u201d, dijo, y sigui\u00f3: \u201cAc\u00e1 les ense\u00f1amos todas las actividades que hacemos en la caba\u00f1a, desde cuidar a los animales, c\u00f3mo es la sanidad, las pasturas, la alimentaci\u00f3n. Todo lo que hacemos en la empresa, ellos lo aprenden y practican\u201d.<br \/>Adem\u00e1s, Grasselli resalt\u00f3 que se les brinda charlas y conversatorios sobre diversas tem\u00e1ticas de inter\u00e9s, elegidas precisamente por las y los estudiantes. \u201cEstas actividades se van a extender hasta fin de a\u00f1o, para poder dar por concluido su educaci\u00f3n secundaria\u201d, remarc\u00f3 la presidenta de la empresa.<br \/>Es as\u00ed que desde Caudillos Riojanos trabajan para brindar todo su conocimiento sobre la cultura ganadera local. La aplicaci\u00f3n de estas pol\u00edticas destinadas a abrir el camino a una nueva generaci\u00f3n de profesionales del campo en La Rioja, ayudan a que los j\u00f3venes adquieran valiosos conocimientos y as\u00ed poder, en un futuro, vivir del trabajo agroganadero en nuestra provincia.<\/p>\n\n\n\n<figure class=\"wp-block-gallery has-nested-images columns-default is-cropped wp-block-gallery-1 is-layout-flex wp-block-gallery-is-layout-flex\">\n<figure class=\"wp-block-image size-large\"><img decoding=\"async\" data-id=\"15760\" src=\"https:\/\/radiolarioja.com.ar\/rlr\/wp-content\/uploads\/2023\/08\/WhatsApp-Image-2023-08-17-at-12.55.28-2-1024x620.jpeg\" alt=\"\" class=\"wp-image-15760\"\/><\/figure>\n\n\n\n<figure class=\"wp-block-image size-large\"><img decoding=\"async\" data-id=\"15761\" src=\"https:\/\/radiolarioja.com.ar\/rlr\/wp-content\/uploads\/2023\/08\/WhatsApp-Image-2023-08-17-at-12.55.27-1024x674.jpeg\" alt=\"\" class=\"wp-image-15761\"\/><\/figure>\n\n\n\n<figure class=\"wp-block-image size-large\"><img decoding=\"async\" data-id=\"15763\" src=\"https:\/\/radiolarioja.com.ar\/rlr\/wp-content\/uploads\/2023\/08\/WhatsApp-Image-2023-08-17-at-12.55.28-1024x642.jpeg\" alt=\"\" class=\"wp-image-15763\"\/><\/figure>\n\n\n\n<figure class=\"wp-block-image size-large\"><img decoding=\"async\" data-id=\"15762\" src=\"https:\/\/radiolarioja.com.ar\/rlr\/wp-content\/uploads\/2023\/08\/WhatsApp-Image-2023-08-17-at-12.55.28-1-1024x576.jpeg\" alt=\"\" class=\"wp-image-15762\"\/><\/figure>\n<\/figure>\n","protected":false},"excerpt":{"rendered":"<p>La empresa estatal cuenta con una de las caba\u00f1as l\u00edderes en ganader\u00eda en la provincia de La Rioja,<\/p>\n","protected":false},"author":2,"featured_media":15760,"comment_status":"open","ping_status":"open","sticky":false,"template":"","format":"standard","meta":{"footnotes":""},"categories":[12],"tags":[],"class_list":["post-15758","post","type-post","status-publish","format-standard","has-post-thumbnail","hentry","category-local"],"featured_image_urls":{"full":"","thumbnail":"","medium":"","medium_large":"","large":"","1536x1536":"","2048x2048":"","morenews-large":"","morenews-medium":""},"author_info":{"info":["RadioLaRioja"]},"category_info":"<a href=\"https:\/\/radiolarioja.com.ar\/rlr\/category\/local\/\" rel=\"category tag\">Local<\/a>","tag_info":"Local","comment_count":"0","_links":{"self":[{"href":"https:\/\/radiolarioja.com.ar\/rlr\/wp-json\/wp\/v2\/posts\/15758","targetHints":{"allow":["GET"]}}],"collection":[{"href":"https:\/\/radiolarioja.com.ar\/rlr\/wp-json\/wp\/v2\/posts"}],"about":[{"href":"https:\/\/radiolarioja.com.ar\/rlr\/wp-json\/wp\/v2\/types\/post"}],"author":[{"embeddable":true,"href":"https:\/\/radiolarioja.com.ar\/rlr\/wp-json\/wp\/v2\/users\/2"}],"replies":[{"embeddable":true,"href":"https:\/\/radiolarioja.com.ar\/rlr\/wp-json\/wp\/v2\/comments?post=15758"}],"version-history":[{"count":0,"href":"https:\/\/radiolarioja.com.ar\/rlr\/wp-json\/wp\/v2\/posts\/15758\/revisions"}],"wp:featuredmedia":[{"embeddable":true,"href":"https:\/\/radiolarioja.com.ar\/rlr\/wp-json\/"}],"wp:attachment":[{"href":"https:\/\/radiolarioja.com.ar\/rlr\/wp-json\/wp\/v2\/media?parent=15758"}],"wp:term":[{"taxonomy":"category","embeddable":true,"href":"https:\/\/radiolarioja.com.ar\/rlr\/wp-json\/wp\/v2\/categories?post=15758"},{"taxonomy":"post_tag","embeddable":true,"href":"https:\/\/radiolarioja.com.ar\/rlr\/wp-json\/wp\/v2\/tags?post=15758"}],"curies":[{"name":"wp","href":"https:\/\/api.w.org\/{rel}","templated":true}]}}