{"id":15738,"date":"2023-08-17T12:13:57","date_gmt":"2023-08-17T15:13:57","guid":{"rendered":"https:\/\/radiolarioja.com.ar\/rlr\/?p=15738"},"modified":"2023-08-17T12:13:57","modified_gmt":"2023-08-17T15:13:57","slug":"sergio-massa-me-quedo-hasta-el-10-de-diciembre-nunca-suelto-el-timon-en-medio-de-una-tormenta","status":"publish","type":"post","link":"https:\/\/radiolarioja.com.ar\/rlr\/sergio-massa-me-quedo-hasta-el-10-de-diciembre-nunca-suelto-el-timon-en-medio-de-una-tormenta\/","title":{"rendered":"Sergio Massa: \u201cMe quedo hasta el 10 de diciembre, nunca suelto el tim\u00f3n en medio de una tormenta\u201d"},"content":{"rendered":"\n<p>El ministro de Econom\u00eda habl\u00f3 luego de las PASO y de la suba del d\u00f3lar libre de los \u00faltimos d\u00edas: \u201cLe har\u00eda mucho da\u00f1o a la estabilidad de la Argentina\u201d, dijo sobre una posible renuncia a su cargo <\/p>\n\n\n\n<p>El ministro de Econom\u00eda y candidato presidencial del oficialismo, Sergio Massa, permanecer\u00e1 al frente del Palacio de Hacienda hasta el final del actual gobierno. \u201cMe quedo hasta el 10 de diciembre\u201d, se\u00f1al\u00f3 en una entrevista<\/p>\n\n\n\n<p>\u201cNunca suelto el tim\u00f3n en medio de una tormenta\u201d, dijo en relaci\u00f3n a una eventual salida de su cargo. Se\u00f1al\u00f3 que es \u201clo peor que podr\u00eda hacer, ser\u00eda hacerle mucho da\u00f1o a la estabilidad econ\u00f3mica argentina, que de por s\u00ed, est\u00e1 afectada por el pedido del Fondo Monetario Internacional (FMI), que establec\u00eda un mecanismo de devaluaci\u00f3n que no se cumpli\u00f3 hasta agosto del a\u00f1o pasado. Adem\u00e1s es un mecanismo inflacionario y ahora se ve agravado por un a\u00f1o en el que Argentina ten\u00eda muy mal armado el cronograma de vencimientos para el segundo semestre, de la negociaci\u00f3n del ministro que se fue, que huy\u00f3, y con el agravante de la sequ\u00eda\u201d, coment\u00f3.<\/p>\n\n\n\n<p>Massa reapareci\u00f3 en los medios tras las elecciones internas y advirti\u00f3 que en las pr\u00f3ximas horas se conocer\u00e1n nuevas medidas econ\u00f3micas, orientadas principalmente a detener el alza de los precios: \u201cDesde ma\u00f1ana se van a conocer anuncios respecto a estabilidad de precios y situaciones de compensaci\u00f3n del da\u00f1o que la inflaci\u00f3n provoca en el bolsillo de la gente\u201d.En ese sentido, adelant\u00f3 que en materia salarial \u201chabr\u00e1 una suma fija, lo estamos discutiendo con la CGT, se va a anunciar la semana que viene. Va a haber un esfuerzo adem\u00e1s adicional con asignaciones familiares, vamos a reforzar la Asignaci\u00f3n Universal por Hijo (AUH) y vamos a analizar el impacto en las jubilaciones\u201d.<\/p>\n\n\n\n<p>Seg\u00fan el ministro, la respuesta del electorado que apoy\u00f3 a Javier Milei tiene que ver con que \u201cla Argentina viene de muchos a\u00f1os de frustraci\u00f3n, de fracasos, de dificultades que van reapareciendo. Eso genera que la gente exprese su enojo en las primarias. As\u00ed apareci\u00f3 este escenario de tercios que era impensado hasta hace poco\u201d.<\/p>\n\n\n\n<p>\u201cEl FMI arranc\u00f3 pidiendo 100% de devaluaci\u00f3n hace tres meses, despu\u00e9s se plantaron en 60% y luego se cerr\u00f3 una negociaci\u00f3n del 20%. Si ese 20% gener\u00f3 este l\u00edo, imag\u00ednense lo que puede pasar si Patricia Bullrich cumple con lo que prometi\u00f3, levantar el cepo el primer d\u00eda de Gobierno. Eso es una devaluaci\u00f3n del 100%, lo que pide el Fondo\u201d, se\u00f1al\u00f3 Massa, qui\u00e9n explic\u00f3 que esa devaluaci\u00f3n era un requisito para el desembolso de USD 7.500 millones. \u201cDesde el 2021 hasta ahora, tra\u00edamos un retraso cambiario de 19 puntos y medio\u201d, <\/p>\n\n\n\n<p>Massa dijo que se est\u00e1n viendo candidatos \u201cque usan los recortes de los programas para hacer redes de frases f\u00e1ciles que viralizan, que para aquel que est\u00e1 preocupado por su d\u00eda a d\u00eda, esas consignas f\u00e1ciles suenan como soluciones m\u00e1gicas a sus problemas\u201d.<\/p>\n\n\n\n<p>\u201cLo que la Argentina necesita es un programa de desarrollo exportador, que el a\u00f1o que viene le va a significar al pa\u00eds USD 50.000 millones m\u00e1s de ventas, que de importaciones. Es el camino que hay que recorrer, en medio de un contexto del acuerdo con el FMI que nos dej\u00f3 Macri, con la sequ\u00eda y con el pedido de devaluaci\u00f3n\u201d, agreg\u00f3 <\/p>\n\n\n\n<p>Inflaci\u00f3n<\/p>\n\n\n\n<p>En relaci\u00f3n con la negociaci\u00f3n que el Gobierno lleva adelante con el sector privado y el impacto de la devaluaci\u00f3n, Massa explic\u00f3 que Econom\u00eda se est\u00e1 reuniendo \u201ccon los productores de art\u00edculos de primera necesidad, estamos con el 90% de las empresas con acuerdos de precios. Hay un dato de la devaluaci\u00f3n que pas\u00f3 desapercibido. El tipo de cambio oficial queda establecido hasta el 30 de octubre. Es $350 hoy y va a ser tambi\u00e9n de $350 hasta octubre\u201d.<\/p>\n\n\n\n<p>\u201cEl objetivo central son los alimentos y productos de primera necesidad. En algunos casos se est\u00e1 iniciando un retroceso de remarcaci\u00f3n. Cerramos un sendero de 5%, 5% y 5% para los pr\u00f3ximos tres meses y estamos baj\u00e1ndole de impuestos. <\/p>\n\n\n\n<p>Estamos cediendo parte de los recursos del Estado a las empresas que acuerden con el gobierno\u201d, agreg\u00f3.<\/p>\n\n\n\n<p>\u201cLos que no cumplan no tendr\u00e1n una simple multa de la Secretar\u00eda de Comercio, porque est\u00e1n accediendo a beneficios impositivos. A los que no entren y abusen, les vamos a caer con todo el peso de la ley\u201d, dijo Massa.Sobre el peso del nuevo valor del d\u00f3lar, Massa explic\u00f3 que en la producci\u00f3n, \u201cel componente de devaluaci\u00f3n puede significar el 3% o 4% si importa la matriz. Ahora, que hay en la Argentina hay avivadas, hay avivadas\u201d.\u201c<\/p>\n\n\n\n<p>Las cadenas de supermercados vienen cumpliendo con los acuerdos de precios, pero hay chinos y almacenes de barrio que no. Algunos, porque son v\u00edctimas del mayorista. Yo le pido a los almaceneros que denuncien a esos mayoristas, porque ellos s\u00ed tienen beneficios impositivos, acceso a un tipo de cambio diferenciado y a un r\u00e9gimen de importaci\u00f3n acelerada para garantizar abastecimiento\u201d, concluy\u00f3 el ministro de Econom\u00eda.<\/p>\n\n\n\n<figure class=\"wp-block-gallery has-nested-images columns-default is-cropped wp-block-gallery-1 is-layout-flex wp-block-gallery-is-layout-flex\">\n<figure class=\"wp-block-image size-large\"><img decoding=\"async\" data-id=\"15742\" src=\"https:\/\/radiolarioja.com.ar\/rlr\/wp-content\/uploads\/2023\/08\/15-08-2023_el_candidato_presidencial_sergio_massajpg-1024x576.jpg\" alt=\"\" class=\"wp-image-15742\"\/><\/figure>\n<\/figure>\n","protected":false},"excerpt":{"rendered":"<p>El ministro de Econom\u00eda habl\u00f3 luego de las PASO y de la suba del d\u00f3lar libre de los<\/p>\n","protected":false},"author":2,"featured_media":15742,"comment_status":"open","ping_status":"open","sticky":false,"template":"","format":"standard","meta":{"footnotes":""},"categories":[5],"tags":[],"class_list":["post-15738","post","type-post","status-publish","format-standard","has-post-thumbnail","hentry","category-economia"],"featured_image_urls":{"full":"","thumbnail":"","medium":"","medium_large":"","large":"","1536x1536":"","2048x2048":"","morenews-large":"","morenews-medium":""},"author_info":{"info":["RadioLaRioja"]},"category_info":"<a href=\"https:\/\/radiolarioja.com.ar\/rlr\/category\/economia\/\" rel=\"category tag\">Econom\u00eda<\/a>","tag_info":"Econom\u00eda","comment_count":"0","_links":{"self":[{"href":"https:\/\/radiolarioja.com.ar\/rlr\/wp-json\/wp\/v2\/posts\/15738","targetHints":{"allow":["GET"]}}],"collection":[{"href":"https:\/\/radiolarioja.com.ar\/rlr\/wp-json\/wp\/v2\/posts"}],"about":[{"href":"https:\/\/radiolarioja.com.ar\/rlr\/wp-json\/wp\/v2\/types\/post"}],"author":[{"embeddable":true,"href":"https:\/\/radiolarioja.com.ar\/rlr\/wp-json\/wp\/v2\/users\/2"}],"replies":[{"embeddable":true,"href":"https:\/\/radiolarioja.com.ar\/rlr\/wp-json\/wp\/v2\/comments?post=15738"}],"version-history":[{"count":0,"href":"https:\/\/radiolarioja.com.ar\/rlr\/wp-json\/wp\/v2\/posts\/15738\/revisions"}],"wp:featuredmedia":[{"embeddable":true,"href":"https:\/\/radiolarioja.com.ar\/rlr\/wp-json\/"}],"wp:attachment":[{"href":"https:\/\/radiolarioja.com.ar\/rlr\/wp-json\/wp\/v2\/media?parent=15738"}],"wp:term":[{"taxonomy":"category","embeddable":true,"href":"https:\/\/radiolarioja.com.ar\/rlr\/wp-json\/wp\/v2\/categories?post=15738"},{"taxonomy":"post_tag","embeddable":true,"href":"https:\/\/radiolarioja.com.ar\/rlr\/wp-json\/wp\/v2\/tags?post=15738"}],"curies":[{"name":"wp","href":"https:\/\/api.w.org\/{rel}","templated":true}]}}