{"id":15732,"date":"2023-08-17T11:59:06","date_gmt":"2023-08-17T14:59:06","guid":{"rendered":"https:\/\/radiolarioja.com.ar\/rlr\/?p=15732"},"modified":"2023-08-17T11:59:06","modified_gmt":"2023-08-17T14:59:06","slug":"apos-pagara-de-forma-directa-el-honorario-del-modulo-quirurgico-y-clinico-del-30-que-corresponde-al-honorario-medico-en-el-modulo-quirurgico","status":"publish","type":"post","link":"https:\/\/radiolarioja.com.ar\/rlr\/apos-pagara-de-forma-directa-el-honorario-del-modulo-quirurgico-y-clinico-del-30-que-corresponde-al-honorario-medico-en-el-modulo-quirurgico\/","title":{"rendered":"APOS pagar\u00e1 de forma directa el honorario del m\u00f3dulo quir\u00fargico y cl\u00ednico, del 30% que corresponde al honorario m\u00e9dico en el m\u00f3dulo quir\u00fargico"},"content":{"rendered":"\n<p>APOS garantiza el cumplimiento del acta acuerdo firmado con sus prestadores en el que se especifica el pago del 30% que corresponde al honorario m\u00e9dico en el m\u00f3dulo quir\u00fargico, y avanza en el cambio de sistema inform\u00e1tico que ya desarrolla la obra social, con el objetivo de realizar el pago del honorario m\u00e9dico de los m\u00f3dulos de manera directa al profesional m\u00e9dico.<\/p>\n\n\n\n<p>La administradora de APOS, Cra. Claudia Ortiz, hizo referencia al acta acuerdo incluido en los nuevos convenios y explic\u00f3: \u201cLa particularidad de este acta acuerdo es que pusimos una cl\u00e1usula en la que garantizamos, dentro del m\u00f3dulo quir\u00fargico, que el pago del 30% del honorario m\u00e9dico sea abonado en su totalidad\u201d.<\/p>\n\n\n\n<p>\u201cEl objetivo es que los prestadores de la obra social que trabajan en cl\u00ednicas realizando cirug\u00edas reciban lo que corresponde en honorarios, y brindar transparencia al pago del servicio sin la intermediaci\u00f3n del centro prestador\u201d afirm\u00f3 la titular de la obra social.<\/p>\n\n\n\n<p>En cuanto a la modalidad, Ort\u00edz especific\u00f3: \u201cEl m\u00e9dico puede concurrir a la obra social a pedir su clave y usuario para tener conocimiento de cuanto se le pag\u00f3 a la cl\u00ednica o sanatorio por las cirug\u00edas que realiz\u00f3 y, de ese monto, el 30% le corresponde al o la profesional\u201d.<\/p>\n\n\n\n<p>\u201cEstamos atravesados por conflictos entre los centros y los prestadores m\u00e9dicos porque muchas veces no se les reconoce lo que corresponde aduciendo que APOS no paga lo suficiente\u201d, y agreg\u00f3: \u201cCon esto empoderamos a nuestros profesionales para que tomen conocimiento del valor de lo que le corresponde\u201d.<\/p>\n\n\n\n<p>Respecto del pago del m\u00f3dulo manera directa a los profesionales m\u00e9dicos, la administradora de APOS adelant\u00f3: \u201cEl m\u00f3dulo se divide en tres partes, sanatorial, quir\u00fargico y el honorario m\u00e9dico. En otras provincias tienen discriminado el pago del m\u00e9dico, nosotros lo concretaremos a partir de la renovaci\u00f3n de nuestro sistema inform\u00e1tico en el que ya estamos trabajando con la empresa Tekhne\u201d.<\/p>\n\n\n\n<figure class=\"wp-block-image size-full\"><img decoding=\"async\" src=\"https:\/\/radiolarioja.com.ar\/rlr\/wp-content\/uploads\/2023\/08\/WhatsApp-Image-2023-08-17-at-11.57.32.jpeg\" alt=\"\" class=\"wp-image-15734\"\/><\/figure>\n","protected":false},"excerpt":{"rendered":"<p>APOS garantiza el cumplimiento del acta acuerdo firmado con sus prestadores en el que se especifica el pago<\/p>\n","protected":false},"author":2,"featured_media":15734,"comment_status":"open","ping_status":"open","sticky":false,"template":"","format":"standard","meta":{"footnotes":""},"categories":[12],"tags":[],"class_list":["post-15732","post","type-post","status-publish","format-standard","has-post-thumbnail","hentry","category-local"],"featured_image_urls":{"full":"","thumbnail":"","medium":"","medium_large":"","large":"","1536x1536":"","2048x2048":"","morenews-large":"","morenews-medium":""},"author_info":{"info":["RadioLaRioja"]},"category_info":"<a href=\"https:\/\/radiolarioja.com.ar\/rlr\/category\/local\/\" rel=\"category tag\">Local<\/a>","tag_info":"Local","comment_count":"0","_links":{"self":[{"href":"https:\/\/radiolarioja.com.ar\/rlr\/wp-json\/wp\/v2\/posts\/15732","targetHints":{"allow":["GET"]}}],"collection":[{"href":"https:\/\/radiolarioja.com.ar\/rlr\/wp-json\/wp\/v2\/posts"}],"about":[{"href":"https:\/\/radiolarioja.com.ar\/rlr\/wp-json\/wp\/v2\/types\/post"}],"author":[{"embeddable":true,"href":"https:\/\/radiolarioja.com.ar\/rlr\/wp-json\/wp\/v2\/users\/2"}],"replies":[{"embeddable":true,"href":"https:\/\/radiolarioja.com.ar\/rlr\/wp-json\/wp\/v2\/comments?post=15732"}],"version-history":[{"count":0,"href":"https:\/\/radiolarioja.com.ar\/rlr\/wp-json\/wp\/v2\/posts\/15732\/revisions"}],"wp:featuredmedia":[{"embeddable":true,"href":"https:\/\/radiolarioja.com.ar\/rlr\/wp-json\/"}],"wp:attachment":[{"href":"https:\/\/radiolarioja.com.ar\/rlr\/wp-json\/wp\/v2\/media?parent=15732"}],"wp:term":[{"taxonomy":"category","embeddable":true,"href":"https:\/\/radiolarioja.com.ar\/rlr\/wp-json\/wp\/v2\/categories?post=15732"},{"taxonomy":"post_tag","embeddable":true,"href":"https:\/\/radiolarioja.com.ar\/rlr\/wp-json\/wp\/v2\/tags?post=15732"}],"curies":[{"name":"wp","href":"https:\/\/api.w.org\/{rel}","templated":true}]}}