{"id":15719,"date":"2023-08-17T11:40:53","date_gmt":"2023-08-17T14:40:53","guid":{"rendered":"https:\/\/radiolarioja.com.ar\/rlr\/?p=15719"},"modified":"2023-08-17T11:40:53","modified_gmt":"2023-08-17T14:40:53","slug":"desde-la-unlar-expresaron-su-repudio-a-los-dichos-de-milei-sobre-el-conicet","status":"publish","type":"post","link":"https:\/\/radiolarioja.com.ar\/rlr\/desde-la-unlar-expresaron-su-repudio-a-los-dichos-de-milei-sobre-el-conicet\/","title":{"rendered":"Desde la UNLaR expresaron su repudio a los dichos de Milei sobre el CONICET"},"content":{"rendered":"\n<p>Ante los recientes dichos del candidato a presidente Javier Milei sobre su intenci\u00f3n de cerrar el Consejo Nacional de Investigaciones Cient\u00edficas y T\u00e9cnicas (CONICET), el espacio  Alternativa Docente de la UNLaR manifest\u00f3 su enojo.<\/p>\n\n\n\n<p><\/p>\n\n\n\n<p>Destacaron que los dichos de Javier Milei expresan \u201cun total desconocimiento y desprecio sobre lo que cient\u00edficos y cient\u00edficas que realizan diariamente su labor en pos del desarrollo de la Ciencia y T\u00e9cnica de nuestro pa\u00eds\u201d. Resaltaron que estas propuestas, que se suman a las de eliminar Ministerios como el de Educaci\u00f3n o el de Salud, \u201cmerecen nuestro total rechazo y la necesidad urgente de convocar a toda la comunidad educativa de la UNLaR (estudiantes, graduados, no docentes, docentes e investigadores) y la familia riojana a realizar acciones conjuntas en Defensa de la Educaci\u00f3n P\u00fablica, las Universidades P\u00fablicas, la Ciencia y Tecnolog\u00eda, pilares del desarrollo de nuestro pa\u00eds\u201d.Asimismo, desde el espacio incitaron comunidad a \u201cque las dificultades que vivimos a causa de una inflaci\u00f3n multicausal y compleja no nos lleven a creer que se resuelven con frases m\u00e1gicas ni destruyendo los logros de m\u00e1s de 100 a\u00f1os de conquistas de derechos individuales, sociales y colectivos\u201d.<\/p>\n\n\n\n<figure class=\"wp-block-gallery has-nested-images columns-default is-cropped wp-block-gallery-1 is-layout-flex wp-block-gallery-is-layout-flex\">\n<figure class=\"wp-block-image size-large\"><img decoding=\"async\" data-id=\"15720\" src=\"https:\/\/radiolarioja.com.ar\/rlr\/wp-content\/uploads\/2023\/08\/278829874.jpeg\" alt=\"\" class=\"wp-image-15720\"\/><\/figure>\n<\/figure>\n","protected":false},"excerpt":{"rendered":"<p>Ante los recientes dichos del candidato a presidente Javier Milei sobre su intenci\u00f3n de cerrar el Consejo Nacional<\/p>\n","protected":false},"author":2,"featured_media":15720,"comment_status":"open","ping_status":"open","sticky":false,"template":"","format":"standard","meta":{"footnotes":""},"categories":[12],"tags":[],"class_list":["post-15719","post","type-post","status-publish","format-standard","has-post-thumbnail","hentry","category-local"],"featured_image_urls":{"full":"","thumbnail":"","medium":"","medium_large":"","large":"","1536x1536":"","2048x2048":"","morenews-large":"","morenews-medium":""},"author_info":{"info":["RadioLaRioja"]},"category_info":"<a href=\"https:\/\/radiolarioja.com.ar\/rlr\/category\/local\/\" rel=\"category tag\">Local<\/a>","tag_info":"Local","comment_count":"0","_links":{"self":[{"href":"https:\/\/radiolarioja.com.ar\/rlr\/wp-json\/wp\/v2\/posts\/15719","targetHints":{"allow":["GET"]}}],"collection":[{"href":"https:\/\/radiolarioja.com.ar\/rlr\/wp-json\/wp\/v2\/posts"}],"about":[{"href":"https:\/\/radiolarioja.com.ar\/rlr\/wp-json\/wp\/v2\/types\/post"}],"author":[{"embeddable":true,"href":"https:\/\/radiolarioja.com.ar\/rlr\/wp-json\/wp\/v2\/users\/2"}],"replies":[{"embeddable":true,"href":"https:\/\/radiolarioja.com.ar\/rlr\/wp-json\/wp\/v2\/comments?post=15719"}],"version-history":[{"count":0,"href":"https:\/\/radiolarioja.com.ar\/rlr\/wp-json\/wp\/v2\/posts\/15719\/revisions"}],"wp:featuredmedia":[{"embeddable":true,"href":"https:\/\/radiolarioja.com.ar\/rlr\/wp-json\/"}],"wp:attachment":[{"href":"https:\/\/radiolarioja.com.ar\/rlr\/wp-json\/wp\/v2\/media?parent=15719"}],"wp:term":[{"taxonomy":"category","embeddable":true,"href":"https:\/\/radiolarioja.com.ar\/rlr\/wp-json\/wp\/v2\/categories?post=15719"},{"taxonomy":"post_tag","embeddable":true,"href":"https:\/\/radiolarioja.com.ar\/rlr\/wp-json\/wp\/v2\/tags?post=15719"}],"curies":[{"name":"wp","href":"https:\/\/api.w.org\/{rel}","templated":true}]}}