{"id":15706,"date":"2023-08-17T11:26:55","date_gmt":"2023-08-17T14:26:55","guid":{"rendered":"https:\/\/radiolarioja.com.ar\/rlr\/?p=15706"},"modified":"2023-08-17T11:26:55","modified_gmt":"2023-08-17T14:26:55","slug":"massa-anuncia-medidas-para-estabilizar-los-precios","status":"publish","type":"post","link":"https:\/\/radiolarioja.com.ar\/rlr\/massa-anuncia-medidas-para-estabilizar-los-precios\/","title":{"rendered":"Massa anuncia medidas para estabilizar los precios"},"content":{"rendered":"\n<p>El ministro de Econom\u00eda y candidato a presidente de UxP afirm\u00f3 que habr\u00e1 penas para quienes adopten posiciones de abuso. Adem\u00e1s adelant\u00f3 que el Gobierno prev\u00e9 aumentos salariales con suma fija dentro del marco de las paritarias.<\/p>\n\n\n\n<figure class=\"wp-block-image size-full\"><img decoding=\"async\" src=\"https:\/\/radiolarioja.com.ar\/rlr\/wp-content\/uploads\/2023\/08\/64ddf489411fb_450.jpg\" alt=\"\" class=\"wp-image-15707\"\/><\/figure>\n\n\n\n<p>El ministro de Econom\u00eda, Sergio Massa, afirm\u00f3 este mi\u00e9rcoles por la noche que este jueves \u00abhabr\u00e1 anuncios para estabilizar los precios y para amortiguar el da\u00f1o que provoc\u00f3 en el bolsillo de la poblaci\u00f3n, la devaluaci\u00f3n\u00bb y revel\u00f3 que \u00abal principio de las negociaciones, el Fondo Monetario Internacional (FMI) ped\u00eda una devaluaci\u00f3n del 100%\u00bb.En un entrevista en el programa \u00abA dos voces\u00bb por la se\u00f1al de cable TN, el ministro sostuvo que \u00abel FMI pidi\u00f3 100% despu\u00e9s, 60% y finalmente el acuerdo al que arribamos cerr\u00f3 en el 20%\u00bb.Massa afirm\u00f3 que \u00abel FMI exig\u00eda como parte de los desembolsos una actualizaci\u00f3n del tipo de cambio oficial porque hab\u00eda un retraso del 19%\u00bb.El responsable de la cartera econ\u00f3mica admiti\u00f3 que \u00abdurante un mes la negociaci\u00f3n estuvo cortada porque ellos se plantaron en el 60%\u00bb.Massa confirm\u00f3 que viajar\u00e1 la semana pr\u00f3xima a Washington porque \u00abel mi\u00e9rcoles pr\u00f3ximo se re\u00fane el directorio del FMI y desembolsa los recursos, habr\u00e1 fondos para intervenir en el mercado\u00bb.\u00bbLa plata quiero ponerla para que la actividad econ\u00f3mica se mantenga y las importaciones fluyan\u00bb, dijo Massa.El jefe del Palacio de Hacienda anticip\u00f3 que \u00abeste jueves habr\u00e1 anuncios para estabilizar los precios y situaciones de compensaci\u00f3n para amortiguar el da\u00f1o que provoc\u00f3 la devaluaci\u00f3n sobre el bolsillo de la poblaci\u00f3n\u00bb.Massa detall\u00f3: \u00abya cerramos un sendero de aumentos de precios del 5% en agosto, 5% en septiembre y 5% para octubre, para los pr\u00f3ximos tres meses, al tiempo que le bajamos impuestos para las empresas que acuerden estabilidad de precios para la gente\u00bb.M\u00e1s adelante, se\u00f1al\u00f3 que \u00abel tipo de cambio, el oficial queda establecido y estacionado hasta el 30 de octubre, o sea es 350 hoy, 350 ma\u00f1ana, 350 el 23 de septiembre y 350 el 24 de octubre\u00bb.Sin embargo, el ministro advirti\u00f3 a las empresas por el traslado a precios, al se\u00f1alar que habr\u00e1 penas para quienes adopten posiciones de abuso.\u00bbEl que firme el acuerdo y no lo cumpla, las sanciones que tiene econ\u00f3micas y penales ya no van a ser las multas de la Secretar\u00eda de Comercio, no son multitas, los que aumentan y se abusen le vamos a aplicar todo el peso de la ley porque est\u00e1n accediendo a beneficios impositivos\u00bb, advirti\u00f3 Massa.<\/p>\n\n\n\n<p>El ministro fue enf\u00e1tico y sostuvo que \u00abaquellos que no quieran firmar el acuerdo y abusen le vamos a aplicar todo el peso de la ley. Que hay en la Argentina avivadas, hay avivadas\u00bb.Massa reconoci\u00f3 que \u00ablas cadenas de supermercados vienen cumpliendo pero los minoristas y los chinos no lo cumplen.<\/p>\n\n\n\n<p> Algunos porque son v\u00edctimas del mayorista y les pido a esos almaceneros que denuncien a los mayoristas que no cumplen los acuerdos porque tienen beneficios impositivos\u00bb.<\/p>\n\n\n\n<p>Finalmente, el ministro de Econom\u00eda anticip\u00f3 que la semana que viene \u00abhabr\u00e1 anuncios de aumentos salariales con suma fija dentro del marco de las paritarias, as\u00ed como tambi\u00e9n habr\u00e1 refuerzos en las asignaciones familiares, la Asignaci\u00f3n Universal por Hijo y el impacto en la canasta de jubilados y este jueves se va rediscutir el programa de medicamentos para los jubilados\u00bb.El ministro le gana al candidato\u00bbCuando estoy al frente de la tormenta, agarro el tim\u00f3n y no lo suelto\u00bb, expres\u00f3 Massa al ser consultado sobre si continuar\u00e1 al frente de la cartera de Econom\u00eda en simult\u00e1neo con su campa\u00f1a presidencial.Sin embargo, destac\u00f3 que \u00abestos 10 d\u00edas, esta semana y la que viene, el Massa candidato no tiene lugar. Porque tiene que estar el Massa ministro ocup\u00e1ndose de los problemas\u00bb.En sus primeras declaraciones medi\u00e1ticas tras las elecciones PASO, el candidato reiter\u00f3 que previamente hab\u00eda planteado \u00abque no ten\u00eda que haber primarias porque en un escenario de tercios el Gobierno se debilitaba\u00bb.Respecto a las propuestas de dolarizar la econom\u00eda y levantar el cepo de la oposici\u00f3n, Massa se\u00f1al\u00f3 que el candidato de La Libertad Avanza, Javier Milei \u00abdijo que si es presidente va a haber un plan Bonex\u00bb y critic\u00f3 que no hay una mirada social sino que \u00abla mirada es si cierra el Excel\u00bb.\u00bbCompar\u00f3 la NASA con el Conicet. Un desconocimiento absoluto del Estado. Dijo que le va a sacar a los jubilados pero despu\u00e9s dijo que no se la va a tocar a la Iglesia. Usan los recortes de los programas para hacer redes, que para aquel que est\u00e1 en la parada del colectivo, suenan como soluciones m\u00e1gicas\u00bb, apunt\u00f3. Y subray\u00f3: \u00abLa Argentina no tiene soluciones m\u00e1gicas\u00bb.\u201cLevantar el cepo de un d\u00eda para el otro, como dice Patricia Bullrich, es una devaluaci\u00f3n del 100 por 100\u201d, a\u00f1adi\u00f3.Tambi\u00e9n indic\u00f3 que Milei \u00abes la expresi\u00f3n de 7 millones de argentinos\u00bb que \u00abtienen motivos de estar enojados, venimos de muchos a\u00f1os de frustraci\u00f3n y fracaso\u00bb.\u00bbSon dificultades que van reapareciendo y generan que la gente exprese su enojo en las primarias. Apareci\u00f3 este escenario de tercios que era impensado\u00bb, analiz\u00f3 Massa sobre las PASO.<\/p>\n","protected":false},"excerpt":{"rendered":"<p>El ministro de Econom\u00eda y candidato a presidente de UxP afirm\u00f3 que habr\u00e1 penas para quienes adopten posiciones<\/p>\n","protected":false},"author":2,"featured_media":15707,"comment_status":"open","ping_status":"open","sticky":false,"template":"","format":"standard","meta":{"footnotes":""},"categories":[5],"tags":[],"class_list":["post-15706","post","type-post","status-publish","format-standard","has-post-thumbnail","hentry","category-economia"],"featured_image_urls":{"full":"","thumbnail":"","medium":"","medium_large":"","large":"","1536x1536":"","2048x2048":"","morenews-large":"","morenews-medium":""},"author_info":{"info":["RadioLaRioja"]},"category_info":"<a href=\"https:\/\/radiolarioja.com.ar\/rlr\/category\/economia\/\" rel=\"category tag\">Econom\u00eda<\/a>","tag_info":"Econom\u00eda","comment_count":"0","_links":{"self":[{"href":"https:\/\/radiolarioja.com.ar\/rlr\/wp-json\/wp\/v2\/posts\/15706","targetHints":{"allow":["GET"]}}],"collection":[{"href":"https:\/\/radiolarioja.com.ar\/rlr\/wp-json\/wp\/v2\/posts"}],"about":[{"href":"https:\/\/radiolarioja.com.ar\/rlr\/wp-json\/wp\/v2\/types\/post"}],"author":[{"embeddable":true,"href":"https:\/\/radiolarioja.com.ar\/rlr\/wp-json\/wp\/v2\/users\/2"}],"replies":[{"embeddable":true,"href":"https:\/\/radiolarioja.com.ar\/rlr\/wp-json\/wp\/v2\/comments?post=15706"}],"version-history":[{"count":0,"href":"https:\/\/radiolarioja.com.ar\/rlr\/wp-json\/wp\/v2\/posts\/15706\/revisions"}],"wp:featuredmedia":[{"embeddable":true,"href":"https:\/\/radiolarioja.com.ar\/rlr\/wp-json\/"}],"wp:attachment":[{"href":"https:\/\/radiolarioja.com.ar\/rlr\/wp-json\/wp\/v2\/media?parent=15706"}],"wp:term":[{"taxonomy":"category","embeddable":true,"href":"https:\/\/radiolarioja.com.ar\/rlr\/wp-json\/wp\/v2\/categories?post=15706"},{"taxonomy":"post_tag","embeddable":true,"href":"https:\/\/radiolarioja.com.ar\/rlr\/wp-json\/wp\/v2\/tags?post=15706"}],"curies":[{"name":"wp","href":"https:\/\/api.w.org\/{rel}","templated":true}]}}