{"id":15700,"date":"2023-08-17T09:23:32","date_gmt":"2023-08-17T12:23:32","guid":{"rendered":"https:\/\/radiolarioja.com.ar\/rlr\/?p=15700"},"modified":"2023-08-17T09:23:32","modified_gmt":"2023-08-17T12:23:32","slug":"realizan-hoy-desde-las-14-45-homenaje-al-libertador-general-jose-de-san-martin-al-cumplirse-173-anos-de-su-paso-a-la-inmortalidad","status":"publish","type":"post","link":"https:\/\/radiolarioja.com.ar\/rlr\/realizan-hoy-desde-las-14-45-homenaje-al-libertador-general-jose-de-san-martin-al-cumplirse-173-anos-de-su-paso-a-la-inmortalidad\/","title":{"rendered":"Realizan hoy desde las 14.45 homenaje al Libertador General Jos\u00e9 de San Martin al cumplirse 173 a\u00f1os de su paso a la inmortalidad"},"content":{"rendered":"\n<p><strong>Homenaje al Padre de la Patria<\/strong><\/p>\n\n\n\n<p>La Municipalidad de la Capital realizar\u00e1 hoy desde las 14.45 el homenaje al Libertador General Jos\u00e9 de San Martin al cumplirse 173 a\u00f1os de su paso a la inmortalidad.<br \/>El acto que encabezar\u00e1 la intendenta In\u00e9s Brizuela y Doria, se iniciar\u00e1 a las 14.45 en la explanada del monumento ubicado en el centro de la plaza 25 de Mayo con el toque de gloria.<br \/>Posteriormente las autoridades presidir\u00e1n un desfile c\u00edvico militar con la participacion de escuadras de instituciones municipales, agrupaciones gauchas y formaciones militares que se desplazar\u00e1n por la calle San Nicol\u00e1s de Bari.<br \/>C\u00f3mo cierre, distintas bandas de m\u00fasica de la ciudad ofrecer\u00e1n un concierto frente al palacio de Tribunales.<br \/>Se invita a toda la comunidad a participar del homenaje al Libertador de Am\u00e9rica.<\/p>\n\n\n\n<p>Corte de calles<br \/>Por el paso del desfile, entre las 13.30 y las 18 se interrumpir\u00e1 la circulaci\u00f3n vehicular sobre la calle San Nicol\u00e1s de Bari entre G\u00fcemes y San Martin.<\/p>\n\n\n\n<figure class=\"wp-block-image size-large\"><img decoding=\"async\" src=\"https:\/\/radiolarioja.com.ar\/rlr\/wp-content\/uploads\/2023\/08\/Screenshot_20230816_230359_WhatsApp-648x1024.jpg\" alt=\"\" class=\"wp-image-15630\"\/><\/figure>\n","protected":false},"excerpt":{"rendered":"<p>Homenaje al Padre de la Patria La Municipalidad de la Capital realizar\u00e1 hoy desde las 14.45 el homenaje<\/p>\n","protected":false},"author":2,"featured_media":15630,"comment_status":"open","ping_status":"open","sticky":false,"template":"","format":"standard","meta":{"footnotes":""},"categories":[12],"tags":[],"class_list":["post-15700","post","type-post","status-publish","format-standard","has-post-thumbnail","hentry","category-local"],"featured_image_urls":{"full":"","thumbnail":"","medium":"","medium_large":"","large":"","1536x1536":"","2048x2048":"","morenews-large":"","morenews-medium":""},"author_info":{"info":["RadioLaRioja"]},"category_info":"<a href=\"https:\/\/radiolarioja.com.ar\/rlr\/category\/local\/\" rel=\"category tag\">Local<\/a>","tag_info":"Local","comment_count":"0","_links":{"self":[{"href":"https:\/\/radiolarioja.com.ar\/rlr\/wp-json\/wp\/v2\/posts\/15700","targetHints":{"allow":["GET"]}}],"collection":[{"href":"https:\/\/radiolarioja.com.ar\/rlr\/wp-json\/wp\/v2\/posts"}],"about":[{"href":"https:\/\/radiolarioja.com.ar\/rlr\/wp-json\/wp\/v2\/types\/post"}],"author":[{"embeddable":true,"href":"https:\/\/radiolarioja.com.ar\/rlr\/wp-json\/wp\/v2\/users\/2"}],"replies":[{"embeddable":true,"href":"https:\/\/radiolarioja.com.ar\/rlr\/wp-json\/wp\/v2\/comments?post=15700"}],"version-history":[{"count":0,"href":"https:\/\/radiolarioja.com.ar\/rlr\/wp-json\/wp\/v2\/posts\/15700\/revisions"}],"wp:featuredmedia":[{"embeddable":true,"href":"https:\/\/radiolarioja.com.ar\/rlr\/wp-json\/"}],"wp:attachment":[{"href":"https:\/\/radiolarioja.com.ar\/rlr\/wp-json\/wp\/v2\/media?parent=15700"}],"wp:term":[{"taxonomy":"category","embeddable":true,"href":"https:\/\/radiolarioja.com.ar\/rlr\/wp-json\/wp\/v2\/categories?post=15700"},{"taxonomy":"post_tag","embeddable":true,"href":"https:\/\/radiolarioja.com.ar\/rlr\/wp-json\/wp\/v2\/tags?post=15700"}],"curies":[{"name":"wp","href":"https:\/\/api.w.org\/{rel}","templated":true}]}}