{"id":15692,"date":"2023-08-17T09:19:18","date_gmt":"2023-08-17T12:19:18","guid":{"rendered":"https:\/\/radiolarioja.com.ar\/rlr\/?p=15692"},"modified":"2023-08-17T09:19:18","modified_gmt":"2023-08-17T12:19:18","slug":"agenda-cultural-del-fin-de-semana-secretaria-de-culturas","status":"publish","type":"post","link":"https:\/\/radiolarioja.com.ar\/rlr\/agenda-cultural-del-fin-de-semana-secretaria-de-culturas\/","title":{"rendered":"Agenda cultural del Fin de Semana &#8211; Secretar\u00eda de Culturas"},"content":{"rendered":"\n<p>Agenda cultural &#8211; Secretar\u00eda de Culturas<\/p>\n\n\n\n<p>El Gobierno de La Rioja, a trav\u00e9s de su Secretar\u00eda de Culturas, invita a participar de las actividades de la agenda cultural.<\/p>\n\n\n\n<p>15\u00ba Festival Latinoamericano de Cortometrajes \u201cIm\u00e1geneSociales\u201d<\/p>\n\n\n\n<p>Muestra competitiva, talleres, seminarios y masterclass<\/p>\n\n\n\n<p>17, 18, 19 de agosto<\/p>\n\n\n\n<p>Cupos limitados<\/p>\n\n\n\n<p>Inscripciones y programaci\u00f3n completa en culturalarioja.gob.ar<\/p>\n\n\n\n<p>Contacto:<\/p>\n\n\n\n<p>Luis Z\u00e1rate, Dir. de Medios Audiovisuales de la Secretar\u00eda de Culturas: 380437798<\/p>\n\n\n\n<p>Feria de la Danza \u2013 \u201cExpresar + Democracia\u201d<\/p>\n\n\n\n<p>Talleres, residencias, capacitaciones, seminarios y espect\u00e1culos<\/p>\n\n\n\n<p>Toda la provincia<\/p>\n\n\n\n<p>22 de agosto al 3 de septiembre<\/p>\n\n\n\n<p>Inscripci\u00f3n y programaci\u00f3n completa en culturalarioja.gob.ar<\/p>\n\n\n\n<p>(La inscripci\u00f3n previa es solo necesaria para las actividades que se realizan en la capital)<\/p>\n\n\n\n<p>Contactos:<\/p>\n\n\n\n<p>Ana Baldo, Subsec. de Arte y Creatividad: 3804663176<\/p>\n\n\n\n<p>Luc\u00eda S\u00e1nchez, Dir. de Artes Esc\u00e9nicas: 1158353207<\/p>\n\n\n\n<p>2do Congreso Nacional de Libreras\/os y Editoras\/es<\/p>\n\n\n\n<p>Organiza C\u00e1mara Argentina del Libro<\/p>\n\n\n\n<p>Charlas, debates<\/p>\n\n\n\n<p>1 y 2 de septiembre<\/p>\n\n\n\n<p>Paseo Cultural<\/p>\n\n\n\n<p>Jueves 17 de agosto<\/p>\n\n\n\n<p>Cine Nacional<\/p>\n\n\n\n<p>\u201cLos inoportunos\u201d<\/p>\n\n\n\n<p>Jueves 17, viernes 18, domingo 20<\/p>\n\n\n\n<p>22 horas<\/p>\n\n\n\n<p>Entrada general: $400<\/p>\n\n\n\n<p>Jubilados y estudiantes: $200<\/p>\n\n\n\n<p>Espacio 73 (Catamarca 73)<\/p>\n\n\n\n<p>Contacto:<\/p>\n\n\n\n<p>Luis Z\u00e1rate, Dir. de Medios Audiovisuales de la Secretar\u00eda de Culturas: 3804377989<\/p>\n\n\n\n<p>Viernes 18 de agosto<\/p>\n\n\n\n<p>El And\u00e9n, espacio Cultural y Tur\u00edstico<\/p>\n\n\n\n<p>Entre zambas y chacareras. Organiza: Mar\u00eda del Carmen Romero<\/p>\n\n\n\n<p>Act\u00faan: Raza gaucha, Gaby Aredes, Sergio y Mabel, El Charro de Chilecito<\/p>\n\n\n\n<p>Entrada: $1000<\/p>\n\n\n\n<p>Reservas: 3804317780<\/p>\n\n\n\n<p>22 horas<\/p>\n\n\n\n<p>Terminal de \u00d3mnibus<\/p>\n\n\n\n<p>S\u00e1bado 19 de agosto<\/p>\n\n\n\n<p>El And\u00e9n, espacio Cultural y Tur\u00edstico<\/p>\n\n\n\n<p>La VNV festeja su cumple con amigos. Organiza: Juica producciones<\/p>\n\n\n\n<p>Act\u00faan: El toro Cavi, Rodrigo Cevallos, La Gitana<\/p>\n\n\n\n<p>Entrada: $1000<\/p>\n\n\n\n<p>Reservas: 3804379866<\/p>\n\n\n\n<p>22 horas<\/p>\n\n\n\n<p>Terminal de \u00d3mnibus<\/p>\n\n\n\n<p>Contactos:<\/p>\n\n\n\n<p>Nicol\u00e1s Halkett, Subsec. de Gesti\u00f3n Cultural: 3804510648<\/p>\n\n\n\n<p>Lorena Castilla, Dir. de Innovaci\u00f3n Cultural: 3804537737<\/p>\n\n\n\n<figure class=\"wp-block-gallery has-nested-images columns-default is-cropped wp-block-gallery-1 is-layout-flex wp-block-gallery-is-layout-flex\">\n<figure class=\"wp-block-image size-large\"><img decoding=\"async\" data-id=\"15694\" src=\"https:\/\/radiolarioja.com.ar\/rlr\/wp-content\/uploads\/2023\/08\/Festial-IS.jpg\" alt=\"\" class=\"wp-image-15694\"\/><\/figure>\n\n\n\n<figure class=\"wp-block-image size-large\"><img decoding=\"async\" data-id=\"15696\" src=\"https:\/\/radiolarioja.com.ar\/rlr\/wp-content\/uploads\/2023\/08\/El-anden-sabado.jpg\" alt=\"\" class=\"wp-image-15696\"\/><\/figure>\n\n\n\n<figure class=\"wp-block-image size-large\"><img decoding=\"async\" data-id=\"15695\" src=\"https:\/\/radiolarioja.com.ar\/rlr\/wp-content\/uploads\/2023\/08\/El-anden-viernes.jpg\" alt=\"\" class=\"wp-image-15695\"\/><\/figure>\n\n\n\n<figure class=\"wp-block-image size-large\"><img decoding=\"async\" data-id=\"15697\" src=\"https:\/\/radiolarioja.com.ar\/rlr\/wp-content\/uploads\/2023\/08\/Espacio-73-1024x1024.jpg\" alt=\"\" class=\"wp-image-15697\"\/><\/figure>\n\n\n\n<figure class=\"wp-block-image size-large\"><img decoding=\"async\" data-id=\"15698\" src=\"https:\/\/radiolarioja.com.ar\/rlr\/wp-content\/uploads\/2023\/08\/Feria-de-la-Danza-1-1024x1024.jpeg\" alt=\"\" class=\"wp-image-15698\"\/><\/figure>\n<\/figure>\n","protected":false},"excerpt":{"rendered":"<p>Agenda cultural &#8211; Secretar\u00eda de Culturas El Gobierno de La Rioja, a trav\u00e9s de su Secretar\u00eda de Culturas,<\/p>\n","protected":false},"author":2,"featured_media":15694,"comment_status":"open","ping_status":"open","sticky":false,"template":"","format":"standard","meta":{"footnotes":""},"categories":[12],"tags":[],"class_list":["post-15692","post","type-post","status-publish","format-standard","has-post-thumbnail","hentry","category-local"],"featured_image_urls":{"full":"","thumbnail":"","medium":"","medium_large":"","large":"","1536x1536":"","2048x2048":"","morenews-large":"","morenews-medium":""},"author_info":{"info":["RadioLaRioja"]},"category_info":"<a href=\"https:\/\/radiolarioja.com.ar\/rlr\/category\/local\/\" rel=\"category tag\">Local<\/a>","tag_info":"Local","comment_count":"0","_links":{"self":[{"href":"https:\/\/radiolarioja.com.ar\/rlr\/wp-json\/wp\/v2\/posts\/15692","targetHints":{"allow":["GET"]}}],"collection":[{"href":"https:\/\/radiolarioja.com.ar\/rlr\/wp-json\/wp\/v2\/posts"}],"about":[{"href":"https:\/\/radiolarioja.com.ar\/rlr\/wp-json\/wp\/v2\/types\/post"}],"author":[{"embeddable":true,"href":"https:\/\/radiolarioja.com.ar\/rlr\/wp-json\/wp\/v2\/users\/2"}],"replies":[{"embeddable":true,"href":"https:\/\/radiolarioja.com.ar\/rlr\/wp-json\/wp\/v2\/comments?post=15692"}],"version-history":[{"count":0,"href":"https:\/\/radiolarioja.com.ar\/rlr\/wp-json\/wp\/v2\/posts\/15692\/revisions"}],"wp:featuredmedia":[{"embeddable":true,"href":"https:\/\/radiolarioja.com.ar\/rlr\/wp-json\/"}],"wp:attachment":[{"href":"https:\/\/radiolarioja.com.ar\/rlr\/wp-json\/wp\/v2\/media?parent=15692"}],"wp:term":[{"taxonomy":"category","embeddable":true,"href":"https:\/\/radiolarioja.com.ar\/rlr\/wp-json\/wp\/v2\/categories?post=15692"},{"taxonomy":"post_tag","embeddable":true,"href":"https:\/\/radiolarioja.com.ar\/rlr\/wp-json\/wp\/v2\/tags?post=15692"}],"curies":[{"name":"wp","href":"https:\/\/api.w.org\/{rel}","templated":true}]}}