{"id":15683,"date":"2023-08-17T09:03:03","date_gmt":"2023-08-17T12:03:03","guid":{"rendered":"https:\/\/radiolarioja.com.ar\/rlr\/?p=15683"},"modified":"2023-08-17T09:03:03","modified_gmt":"2023-08-17T12:03:03","slug":"catamarca-el-ponchito-se-prepara-para-mostrar-el-talento-de-los-mas-chicos-del-9-al-15-de-octubre-en-la-feria-del-libro","status":"publish","type":"post","link":"https:\/\/radiolarioja.com.ar\/rlr\/catamarca-el-ponchito-se-prepara-para-mostrar-el-talento-de-los-mas-chicos-del-9-al-15-de-octubre-en-la-feria-del-libro\/","title":{"rendered":"Catamarca: El Ponchito se prepara para mostrar el talento de los m\u00e1s chicos. Del 9 al 15 de Octubre en la Feria del Libro"},"content":{"rendered":"\n<p><strong>SE REALIZAR\u00c1 DEL 9 AL 15 DE OCTUBRE EN SIMULT\u00c1NEO A LA FERIA DEL LIBRO<\/strong><\/p>\n\n\n\n<p>El Ponchito se prepara para mostrar el talento de los m\u00e1s chicos<\/p>\n\n\n\n<p>El Predio Ferial Catamarca se prepara para vivir una nueva edici\u00f3n del Festival del Ponchito, la fiesta grande de los chicos, que se realizar\u00e1 la semana del 9 al 15 de octubre en el Predio Ferial Catamarca, en coincidencia con la XV Feria Provincial del Libro.<\/p>\n\n\n\n<p>El Ponchito, festival tradicionalmente asociado a la Fiesta Nacional e Internacional del Poncho, vuelve a convocar a la ni\u00f1ez de Catamarca para el mes de octubre, con un gran escenario donde los ni\u00f1os y ni\u00f1as podr\u00e1n desplegar su talento en la m\u00fasica y la danza.<\/p>\n\n\n\n<p>Al igual que el a\u00f1o pasado, su realizaci\u00f3n coincidir\u00e1 con la Feria Provincial del Libro, ofreciendo tanto a los ni\u00f1os y ni\u00f1as que participen en el escenario como al p\u00fablico que asista a disfrutar de los espect\u00e1culos, ser parte tambi\u00e9n de las propuestas destinadas a las infancias que ofrecer\u00e1 la feria.<\/p>\n\n\n\n<p>La Secretar\u00eda de Gesti\u00f3n Cultural del Ministerio de Cultura, Turismo y Deporte de Catamarca -a cargo de la organizaci\u00f3n- abre la convocatoria destinada a las infancias para integrar la programaci\u00f3n del Ponchito.<\/p>\n\n\n\n<p>Los rubros para los interesados en participar del Festival del Ponchito son: delegaciones municipales, academias y agrupaciones de danzas folcl\u00f3ricas argentinas y otros ritmos, solistas y\/o grupos musicales, recitadores y humoristas.<\/p>\n\n\n\n<p>Hasta el 26 de septiembre estar\u00e1 abierta la convocatoria para que delegaciones, academias, escuelas art\u00edsticas o particulares presenten propuestas art\u00edsticas que tengan por protagonistas a chicas y chicos catamarque\u00f1os, de entre 5 y 16 a\u00f1os.<\/p>\n\n\n\n<p>La postulaci\u00f3n se puede realizar online desde el siguiente formulario <a href=\"https:\/\/bit.ly\/ponchito2023convocatoria\">https:\/\/bit.ly\/ponchito2023convocatoria<\/a><\/p>\n\n\n\n<p>Por consultas comunicarse al mail <a href=\"mailto:gestioncultural@catamarca.gov.ar\">gestioncultural@catamarca.gov.ar<\/a><\/p>\n\n\n\n<figure class=\"wp-block-gallery has-nested-images columns-default is-cropped wp-block-gallery-1 is-layout-flex wp-block-gallery-is-layout-flex\">\n<figure class=\"wp-block-image size-large\"><img decoding=\"async\" data-id=\"15687\" src=\"https:\/\/radiolarioja.com.ar\/rlr\/wp-content\/uploads\/2023\/08\/flyer-Ponchito-2023-anuncio-1024x1024.png\" alt=\"\" class=\"wp-image-15687\"\/><\/figure>\n\n\n\n<figure class=\"wp-block-image size-large\"><img decoding=\"async\" data-id=\"15686\" src=\"https:\/\/radiolarioja.com.ar\/rlr\/wp-content\/uploads\/2023\/08\/flyer-Ponchito-2023-convocatoria-1024x1024.png\" alt=\"\" class=\"wp-image-15686\"\/><\/figure>\n\n\n\n<figure class=\"wp-block-image size-large\"><img decoding=\"async\" data-id=\"15688\" src=\"https:\/\/radiolarioja.com.ar\/rlr\/wp-content\/uploads\/2023\/08\/Ponchito-2022-Miercoles-12-4-1024x576.jpg\" alt=\"\" class=\"wp-image-15688\"\/><\/figure>\n\n\n\n<figure class=\"wp-block-image size-large\"><img decoding=\"async\" data-id=\"15689\" src=\"https:\/\/radiolarioja.com.ar\/rlr\/wp-content\/uploads\/2023\/08\/Ponchito_130-1024x683.jpg\" alt=\"\" class=\"wp-image-15689\"\/><\/figure>\n<\/figure>\n","protected":false},"excerpt":{"rendered":"<p>SE REALIZAR\u00c1 DEL 9 AL 15 DE OCTUBRE EN SIMULT\u00c1NEO A LA FERIA DEL LIBRO El Ponchito se<\/p>\n","protected":false},"author":2,"featured_media":15687,"comment_status":"open","ping_status":"open","sticky":false,"template":"","format":"standard","meta":{"footnotes":""},"categories":[12],"tags":[],"class_list":["post-15683","post","type-post","status-publish","format-standard","has-post-thumbnail","hentry","category-local"],"featured_image_urls":{"full":"","thumbnail":"","medium":"","medium_large":"","large":"","1536x1536":"","2048x2048":"","morenews-large":"","morenews-medium":""},"author_info":{"info":["RadioLaRioja"]},"category_info":"<a href=\"https:\/\/radiolarioja.com.ar\/rlr\/category\/local\/\" rel=\"category tag\">Local<\/a>","tag_info":"Local","comment_count":"0","_links":{"self":[{"href":"https:\/\/radiolarioja.com.ar\/rlr\/wp-json\/wp\/v2\/posts\/15683","targetHints":{"allow":["GET"]}}],"collection":[{"href":"https:\/\/radiolarioja.com.ar\/rlr\/wp-json\/wp\/v2\/posts"}],"about":[{"href":"https:\/\/radiolarioja.com.ar\/rlr\/wp-json\/wp\/v2\/types\/post"}],"author":[{"embeddable":true,"href":"https:\/\/radiolarioja.com.ar\/rlr\/wp-json\/wp\/v2\/users\/2"}],"replies":[{"embeddable":true,"href":"https:\/\/radiolarioja.com.ar\/rlr\/wp-json\/wp\/v2\/comments?post=15683"}],"version-history":[{"count":0,"href":"https:\/\/radiolarioja.com.ar\/rlr\/wp-json\/wp\/v2\/posts\/15683\/revisions"}],"wp:featuredmedia":[{"embeddable":true,"href":"https:\/\/radiolarioja.com.ar\/rlr\/wp-json\/"}],"wp:attachment":[{"href":"https:\/\/radiolarioja.com.ar\/rlr\/wp-json\/wp\/v2\/media?parent=15683"}],"wp:term":[{"taxonomy":"category","embeddable":true,"href":"https:\/\/radiolarioja.com.ar\/rlr\/wp-json\/wp\/v2\/categories?post=15683"},{"taxonomy":"post_tag","embeddable":true,"href":"https:\/\/radiolarioja.com.ar\/rlr\/wp-json\/wp\/v2\/tags?post=15683"}],"curies":[{"name":"wp","href":"https:\/\/api.w.org\/{rel}","templated":true}]}}