{"id":15681,"date":"2023-08-17T00:21:53","date_gmt":"2023-08-17T03:21:53","guid":{"rendered":"https:\/\/radiolarioja.com.ar\/rlr\/?p=15681"},"modified":"2023-08-17T00:21:53","modified_gmt":"2023-08-17T03:21:53","slug":"agenda-de-ministerios-jueves-17-de-agosto","status":"publish","type":"post","link":"https:\/\/radiolarioja.com.ar\/rlr\/agenda-de-ministerios-jueves-17-de-agosto\/","title":{"rendered":"Agenda de Ministerios &#8211; Jueves 17 de Agosto"},"content":{"rendered":"\n<p>Agenda de Ministerios &#8211; Jueves 17 de Agosto<br \/>&#x2666;&#xfe0f; MINISTERIO DE EDUCACI\u00d3N<br \/>&#x2757;&#xfe0f; Secretar\u00eda de Pol\u00edticas Socioeducativas<br \/>&#x25aa;&#xfe0f; 17:00 hs. Feria de ciencia y tecnolog\u00eda. -Participan: Secretario de Pol\u00edticas Socioeducativas y equipo.<br \/>-Lugar: Paseo Cultural Castro Barros.<\/p>\n","protected":false},"excerpt":{"rendered":"<p>Agenda de Ministerios &#8211; Jueves 17 de Agosto&#x2666;&#xfe0f; MINISTERIO DE EDUCACI\u00d3N&#x2757;&#xfe0f; Secretar\u00eda de Pol\u00edticas Socioeducativas&#x25aa;&#xfe0f; 17:00 hs. Feria<\/p>\n","protected":false},"author":2,"featured_media":0,"comment_status":"open","ping_status":"open","sticky":false,"template":"","format":"standard","meta":{"footnotes":""},"categories":[12],"tags":[],"class_list":["post-15681","post","type-post","status-publish","format-standard","hentry","category-local"],"featured_image_urls":{"full":"","thumbnail":"","medium":"","medium_large":"","large":"","1536x1536":"","2048x2048":"","morenews-large":"","morenews-medium":""},"author_info":{"info":["RadioLaRioja"]},"category_info":"<a href=\"https:\/\/radiolarioja.com.ar\/rlr\/category\/local\/\" rel=\"category tag\">Local<\/a>","tag_info":"Local","comment_count":"0","_links":{"self":[{"href":"https:\/\/radiolarioja.com.ar\/rlr\/wp-json\/wp\/v2\/posts\/15681","targetHints":{"allow":["GET"]}}],"collection":[{"href":"https:\/\/radiolarioja.com.ar\/rlr\/wp-json\/wp\/v2\/posts"}],"about":[{"href":"https:\/\/radiolarioja.com.ar\/rlr\/wp-json\/wp\/v2\/types\/post"}],"author":[{"embeddable":true,"href":"https:\/\/radiolarioja.com.ar\/rlr\/wp-json\/wp\/v2\/users\/2"}],"replies":[{"embeddable":true,"href":"https:\/\/radiolarioja.com.ar\/rlr\/wp-json\/wp\/v2\/comments?post=15681"}],"version-history":[{"count":0,"href":"https:\/\/radiolarioja.com.ar\/rlr\/wp-json\/wp\/v2\/posts\/15681\/revisions"}],"wp:attachment":[{"href":"https:\/\/radiolarioja.com.ar\/rlr\/wp-json\/wp\/v2\/media?parent=15681"}],"wp:term":[{"taxonomy":"category","embeddable":true,"href":"https:\/\/radiolarioja.com.ar\/rlr\/wp-json\/wp\/v2\/categories?post=15681"},{"taxonomy":"post_tag","embeddable":true,"href":"https:\/\/radiolarioja.com.ar\/rlr\/wp-json\/wp\/v2\/tags?post=15681"}],"curies":[{"name":"wp","href":"https:\/\/api.w.org\/{rel}","templated":true}]}}