{"id":15665,"date":"2023-08-16T23:48:25","date_gmt":"2023-08-17T02:48:25","guid":{"rendered":"https:\/\/radiolarioja.com.ar\/rlr\/?p=15665"},"modified":"2023-08-16T23:48:25","modified_gmt":"2023-08-17T02:48:25","slug":"milei-nos-quitara-la-coparticipacion","status":"publish","type":"post","link":"https:\/\/radiolarioja.com.ar\/rlr\/milei-nos-quitara-la-coparticipacion\/","title":{"rendered":"Milei nos quitar\u00e1 la coparticipaci\u00f3n"},"content":{"rendered":"\n<figure class=\"wp-block-image alignleft size-full is-resized\"><img decoding=\"async\" src=\"https:\/\/radiolarioja.com.ar\/rlr\/wp-content\/uploads\/2023\/06\/55964153_387568521831918_4312798329470713856_n-1.jpg\" alt=\"\" class=\"wp-image-10944\" style=\"width:148px;height:148px\" width=\"148\" height=\"148\"\/><\/figure>\n\n\n\n<p>Milei nos quitar\u00e1 la coparticipaci\u00f3n<\/p>\n\n\n\n<p>Por: Carin Lanzillotto<\/p>\n\n\n\n<p>Peque\u00f1o comentario<\/p>\n\n\n\n<p>16\/08\/2023<\/p>\n\n\n\n<p>A continuaci\u00f3n se\u00f1alo algunos enunciados de Milei (en su plataforma electoral presentada en la Justicia Electoral y en entrevistas post PASO).<\/p>\n\n\n\n<p>Dejar\u00e1 sin coparticipaci\u00f3n a las provincias, \u00abque cada provincia viva con lo que tiene\u00bb. Adi\u00f3s La Rioja con todos sus habitantes.<\/p>\n\n\n\n<p>Arancelar\u00e1 las prestaciones de salud, incluido hospitales p\u00fablicos y dispensarios.<\/p>\n\n\n\n<p>Arancelar\u00e1 las universidades nacionales. Seg\u00fan el informe de hoy de la UNSJ (San Juan), el arancel de Milei significar\u00e1 un precio de 1,5 a 2 millones de pesos a cada alumno por a\u00f1o.<\/p>\n\n\n\n<p>Eliminar\u00e1 el CONICET, privando al pa\u00eds de los recursos estrat\u00e9gicos cient\u00edficos.<\/p>\n\n\n\n<p>No pagar\u00e1 el sueldo a los docentes de todo el pa\u00eds, y entregar\u00e1 un \u00abvoucher\u00bb a padres y tutores.<\/p>\n\n\n\n<p>Si alg\u00fan ingenuo o confundido est\u00e1 dispuesto a votar esto como \u00absalvaci\u00f3n del pa\u00eds\u00bb, h\u00e1gase cargo despu\u00e9s.<\/p>\n\n\n\n<figure class=\"wp-block-image size-large\"><img decoding=\"async\" src=\"https:\/\/radiolarioja.com.ar\/rlr\/wp-content\/uploads\/2023\/08\/Milei_0000_k15-08-2023_javier_milei_candidato_a_presidente-1-1024x576.jpg\" alt=\"\" class=\"wp-image-15667\"\/><\/figure>\n","protected":false},"excerpt":{"rendered":"<p>Milei nos quitar\u00e1 la coparticipaci\u00f3n Por: Carin Lanzillotto Peque\u00f1o comentario 16\/08\/2023 A continuaci\u00f3n se\u00f1alo algunos enunciados de Milei<\/p>\n","protected":false},"author":2,"featured_media":15667,"comment_status":"open","ping_status":"open","sticky":false,"template":"","format":"standard","meta":{"footnotes":""},"categories":[16],"tags":[],"class_list":["post-15665","post","type-post","status-publish","format-standard","has-post-thumbnail","hentry","category-opinion"],"featured_image_urls":{"full":"","thumbnail":"","medium":"","medium_large":"","large":"","1536x1536":"","2048x2048":"","morenews-large":"","morenews-medium":""},"author_info":{"info":["RadioLaRioja"]},"category_info":"<a href=\"https:\/\/radiolarioja.com.ar\/rlr\/category\/opinion\/\" rel=\"category tag\">Opini\u00f3n<\/a>","tag_info":"Opini\u00f3n","comment_count":"0","_links":{"self":[{"href":"https:\/\/radiolarioja.com.ar\/rlr\/wp-json\/wp\/v2\/posts\/15665","targetHints":{"allow":["GET"]}}],"collection":[{"href":"https:\/\/radiolarioja.com.ar\/rlr\/wp-json\/wp\/v2\/posts"}],"about":[{"href":"https:\/\/radiolarioja.com.ar\/rlr\/wp-json\/wp\/v2\/types\/post"}],"author":[{"embeddable":true,"href":"https:\/\/radiolarioja.com.ar\/rlr\/wp-json\/wp\/v2\/users\/2"}],"replies":[{"embeddable":true,"href":"https:\/\/radiolarioja.com.ar\/rlr\/wp-json\/wp\/v2\/comments?post=15665"}],"version-history":[{"count":0,"href":"https:\/\/radiolarioja.com.ar\/rlr\/wp-json\/wp\/v2\/posts\/15665\/revisions"}],"wp:featuredmedia":[{"embeddable":true,"href":"https:\/\/radiolarioja.com.ar\/rlr\/wp-json\/"}],"wp:attachment":[{"href":"https:\/\/radiolarioja.com.ar\/rlr\/wp-json\/wp\/v2\/media?parent=15665"}],"wp:term":[{"taxonomy":"category","embeddable":true,"href":"https:\/\/radiolarioja.com.ar\/rlr\/wp-json\/wp\/v2\/categories?post=15665"},{"taxonomy":"post_tag","embeddable":true,"href":"https:\/\/radiolarioja.com.ar\/rlr\/wp-json\/wp\/v2\/tags?post=15665"}],"curies":[{"name":"wp","href":"https:\/\/api.w.org\/{rel}","templated":true}]}}