{"id":15656,"date":"2023-08-16T23:39:28","date_gmt":"2023-08-17T02:39:28","guid":{"rendered":"https:\/\/radiolarioja.com.ar\/rlr\/?p=15656"},"modified":"2023-08-16T23:39:28","modified_gmt":"2023-08-17T02:39:28","slug":"imputan-a-la-madre-de-una-bebe-asesinada-en-mendoza-y-trasladaran-a-la-carcel-a-ambos-progenitores","status":"publish","type":"post","link":"https:\/\/radiolarioja.com.ar\/rlr\/imputan-a-la-madre-de-una-bebe-asesinada-en-mendoza-y-trasladaran-a-la-carcel-a-ambos-progenitores\/","title":{"rendered":"Imputan a la madre de una beb\u00e9 asesinada en Mendoza y trasladaran a la c\u00e1rcel a ambos progenitores"},"content":{"rendered":"\n<p>La Justicia mendocina imput\u00f3 esta tarde por homicidio agravado a la mam\u00e1 de una beb\u00e9 de dos meses que falleci\u00f3 ayer luego de permanecer internada desde el lunes con golpes y lesiones en un hospital de ni\u00f1os, en un hecho por el que ya hab\u00eda sido acusado tambi\u00e9n el padre de la peque\u00f1a y se orden\u00f3 el traslado de ambos a un penal, informaron fuentes de la investigaci\u00f3n del caso.<\/p>\n\n\n\n<p>Se trata de Milagros Luc\u00eda Iglesias, de 23 a\u00f1os, quien hab\u00eda quedado aprehendida en una sede policial a la espera de una serie de medidas para definir su situaci\u00f3n procesal. M\u00e1s tarde, la fiscal Andrea Lazo defini\u00f3 la acusaci\u00f3n, al imputarle el delito de \u00abhomicidio doblemente agravado por el v\u00ednculo en concurso ideal por haber sido cometido con alevos\u00eda\u00bb.<\/p>\n\n\n\n<p>En tanto, ayer el padre de la beba, identificado como Gustavo Ariel Olgu\u00edn Orme\u00f1o, hab\u00eda sido imputado por el delito de \u00abhomicidio doblemente agravado por el v\u00ednculo, en concurso ideal por haber sido cometido con alevos\u00eda, en concurso real con abuso sexual con acceso carnal agravado por el v\u00ednculo\u00bb.<\/p>\n\n\n\n<p>En las pr\u00f3ximas horas ambos ser\u00e1n trasladados a Penitenciaria Provincial en calidad de detenidos, adelantaron voceros judiciales.<\/p>\n\n\n\n<p>La peque\u00f1a Emma Pilar Olgu\u00edn, ingres\u00f3 el lunes a la guardia del hospital pedi\u00e1trico Humberto Notti y fue asistida por distintos golpes y lesiones que present\u00f3 en distintas partes del cuerpo, lo que origin\u00f3 una investigaci\u00f3n por maltrato infantil.<\/p>\n\n\n\n<p>Con el correr de las horas el cuadro se complic\u00f3 y muri\u00f3 en la madrugada a causa de los golpes que recibi\u00f3, por lo que se inform\u00f3 del hecho a la justicia, quien en un primer momento orden\u00f3 la detenci\u00f3n del padre, un joven de 26 a\u00f1os, mientras continuaba la investigaci\u00f3n, que deriv\u00f3 en que luego, la madre tambi\u00e9n qued\u00f3 aprehendida.<\/p>\n\n\n\n<p>De llegar a una instancia de Juicio por Jurados y acusados con esa calificaci\u00f3n legal, ambos progenitores podr\u00edan recibir una pena de prisi\u00f3n perpetua.<\/p>\n\n\n\n<p>Seg\u00fan trascendi\u00f3 un adelanto de la necropsia indic\u00f3 que la beb\u00e9 ten\u00eda signos de haber sido v\u00edctima de un abuso sexual, por lo que la imputaci\u00f3n contra el padre tambi\u00e9n incluy\u00f3 el agravante de ese delito.<\/p>\n\n\n\n<p>El hecho ocurri\u00f3 el lunes a la medianoche cuando un llamado a la l\u00ednea de emergencia alert\u00f3 sobre una beba con problemas de respiraci\u00f3n en una vivienda ubicada en el barrio La Infanta, en la localidad mendocina de Las Heras, a 8 kil\u00f3metros de la capital provincial.<\/p>\n\n\n\n<p>Una ambulancia del Servicio de Emergencia Coordinado (SEC) concurri\u00f3 al lugar y los m\u00e9dicos asistieron y dieron cuenta que ten\u00eda los signos vitales d\u00e9biles por lo que trataron de estabilizarla y trasladarla hasta la guardia del hospital pedi\u00e1trico Humberto Notti, ubicado en la localidad de Guaymall\u00e9n.<\/p>\n\n\n\n<p>La beba fue asistida por diversos hematomas que present\u00f3 en distintas partes del cuerpo que los m\u00e9dicos lograron estabilizar, pero con el correr de las horas su cuadro empeor\u00f3 y falleci\u00f3 por lo que se dio aviso a la fiscal de Homicidios, Andrea Lazo, quien lleva adelante la investigaci\u00f3n.<\/p>\n\n\n\n<figure class=\"wp-block-image size-full\"><img decoding=\"async\" src=\"https:\/\/radiolarioja.com.ar\/rlr\/wp-content\/uploads\/2023\/08\/CAZVNKX7SNHJXI6HWWGBTZOKLI.jpg\" alt=\"\" class=\"wp-image-15659\"\/><\/figure>\n","protected":false},"excerpt":{"rendered":"<p>La Justicia mendocina imput\u00f3 esta tarde por homicidio agravado a la mam\u00e1 de una beb\u00e9 de dos meses<\/p>\n","protected":false},"author":2,"featured_media":15659,"comment_status":"open","ping_status":"open","sticky":false,"template":"","format":"standard","meta":{"footnotes":""},"categories":[15],"tags":[],"class_list":["post-15656","post","type-post","status-publish","format-standard","has-post-thumbnail","hentry","category-nacional"],"featured_image_urls":{"full":"","thumbnail":"","medium":"","medium_large":"","large":"","1536x1536":"","2048x2048":"","morenews-large":"","morenews-medium":""},"author_info":{"info":["RadioLaRioja"]},"category_info":"<a href=\"https:\/\/radiolarioja.com.ar\/rlr\/category\/nacional\/\" rel=\"category tag\">Nacional<\/a>","tag_info":"Nacional","comment_count":"0","_links":{"self":[{"href":"https:\/\/radiolarioja.com.ar\/rlr\/wp-json\/wp\/v2\/posts\/15656","targetHints":{"allow":["GET"]}}],"collection":[{"href":"https:\/\/radiolarioja.com.ar\/rlr\/wp-json\/wp\/v2\/posts"}],"about":[{"href":"https:\/\/radiolarioja.com.ar\/rlr\/wp-json\/wp\/v2\/types\/post"}],"author":[{"embeddable":true,"href":"https:\/\/radiolarioja.com.ar\/rlr\/wp-json\/wp\/v2\/users\/2"}],"replies":[{"embeddable":true,"href":"https:\/\/radiolarioja.com.ar\/rlr\/wp-json\/wp\/v2\/comments?post=15656"}],"version-history":[{"count":0,"href":"https:\/\/radiolarioja.com.ar\/rlr\/wp-json\/wp\/v2\/posts\/15656\/revisions"}],"wp:featuredmedia":[{"embeddable":true,"href":"https:\/\/radiolarioja.com.ar\/rlr\/wp-json\/"}],"wp:attachment":[{"href":"https:\/\/radiolarioja.com.ar\/rlr\/wp-json\/wp\/v2\/media?parent=15656"}],"wp:term":[{"taxonomy":"category","embeddable":true,"href":"https:\/\/radiolarioja.com.ar\/rlr\/wp-json\/wp\/v2\/categories?post=15656"},{"taxonomy":"post_tag","embeddable":true,"href":"https:\/\/radiolarioja.com.ar\/rlr\/wp-json\/wp\/v2\/tags?post=15656"}],"curies":[{"name":"wp","href":"https:\/\/api.w.org\/{rel}","templated":true}]}}