{"id":15653,"date":"2023-08-16T23:32:28","date_gmt":"2023-08-17T02:32:28","guid":{"rendered":"https:\/\/radiolarioja.com.ar\/rlr\/?p=15653"},"modified":"2023-08-16T23:32:28","modified_gmt":"2023-08-17T02:32:28","slug":"ministro-de-salud-vergara-participa-de-apertura-de-red-provincial-cardiovascular-y-anuncia-nueva-sala-de-hemodinamia-en-el-servicio-de-cardiologia","status":"publish","type":"post","link":"https:\/\/radiolarioja.com.ar\/rlr\/ministro-de-salud-vergara-participa-de-apertura-de-red-provincial-cardiovascular-y-anuncia-nueva-sala-de-hemodinamia-en-el-servicio-de-cardiologia\/","title":{"rendered":"Ministro de Salud Vergara participa de Apertura de Red Provincial Cardiovascular y anuncia nueva sala de hemodinamia en el servicio de cardiolog\u00eda"},"content":{"rendered":"\n<figure class=\"wp-block-embed is-type-video is-provider-youtube wp-block-embed-youtube wp-embed-aspect-16-9 wp-has-aspect-ratio\"><div class=\"wp-block-embed__wrapper\">\n<iframe title=\"Ministro de Salud Juan Carlos Vergara, Dr Ariel Cejas Mari\u00f1o. Enc Red pcial Cardiovascular\" width=\"640\" height=\"360\" src=\"https:\/\/www.youtube.com\/embed\/o_88WT5fefo?feature=oembed\" frameborder=\"0\" allow=\"accelerometer; autoplay; clipboard-write; encrypted-media; gyroscope; picture-in-picture; web-share\" referrerpolicy=\"strict-origin-when-cross-origin\" allowfullscreen><\/iframe>\n<\/div><\/figure>\n\n\n\n<p>Hay un proceso que se viene realizando desde hace mucho tiempo donde se busca poner en condiciones no solamente al personal m\u00e9dico sino a los establecimientos de salud. <\/p>\n\n\n\n<p>La provincia est\u00e1 caracterizada como provincia cardioprotegida y hoy se da apertura a la red cardiovascular que no solo tiene en cuenta a los eventos sino tambi\u00e9n buscar la promoci\u00f3n y prevenci\u00f3n de la salud en este tipo de patolog\u00edas. <\/p>\n\n\n\n<p><\/p>\n","protected":false},"excerpt":{"rendered":"<p>Hay un proceso que se viene realizando desde hace mucho tiempo donde se busca poner en condiciones no<\/p>\n","protected":false},"author":2,"featured_media":15657,"comment_status":"open","ping_status":"open","sticky":false,"template":"","format":"standard","meta":{"footnotes":""},"categories":[12],"tags":[],"class_list":["post-15653","post","type-post","status-publish","format-standard","has-post-thumbnail","hentry","category-local"],"featured_image_urls":{"full":"","thumbnail":"","medium":"","medium_large":"","large":"","1536x1536":"","2048x2048":"","morenews-large":"","morenews-medium":""},"author_info":{"info":["RadioLaRioja"]},"category_info":"<a href=\"https:\/\/radiolarioja.com.ar\/rlr\/category\/local\/\" rel=\"category tag\">Local<\/a>","tag_info":"Local","comment_count":"0","_links":{"self":[{"href":"https:\/\/radiolarioja.com.ar\/rlr\/wp-json\/wp\/v2\/posts\/15653","targetHints":{"allow":["GET"]}}],"collection":[{"href":"https:\/\/radiolarioja.com.ar\/rlr\/wp-json\/wp\/v2\/posts"}],"about":[{"href":"https:\/\/radiolarioja.com.ar\/rlr\/wp-json\/wp\/v2\/types\/post"}],"author":[{"embeddable":true,"href":"https:\/\/radiolarioja.com.ar\/rlr\/wp-json\/wp\/v2\/users\/2"}],"replies":[{"embeddable":true,"href":"https:\/\/radiolarioja.com.ar\/rlr\/wp-json\/wp\/v2\/comments?post=15653"}],"version-history":[{"count":0,"href":"https:\/\/radiolarioja.com.ar\/rlr\/wp-json\/wp\/v2\/posts\/15653\/revisions"}],"wp:featuredmedia":[{"embeddable":true,"href":"https:\/\/radiolarioja.com.ar\/rlr\/wp-json\/"}],"wp:attachment":[{"href":"https:\/\/radiolarioja.com.ar\/rlr\/wp-json\/wp\/v2\/media?parent=15653"}],"wp:term":[{"taxonomy":"category","embeddable":true,"href":"https:\/\/radiolarioja.com.ar\/rlr\/wp-json\/wp\/v2\/categories?post=15653"},{"taxonomy":"post_tag","embeddable":true,"href":"https:\/\/radiolarioja.com.ar\/rlr\/wp-json\/wp\/v2\/tags?post=15653"}],"curies":[{"name":"wp","href":"https:\/\/api.w.org\/{rel}","templated":true}]}}