{"id":15638,"date":"2023-08-16T23:13:41","date_gmt":"2023-08-17T02:13:41","guid":{"rendered":"https:\/\/radiolarioja.com.ar\/rlr\/?p=15638"},"modified":"2023-08-16T23:13:41","modified_gmt":"2023-08-17T02:13:41","slug":"comunicado-alternativa-docente-unlar","status":"publish","type":"post","link":"https:\/\/radiolarioja.com.ar\/rlr\/comunicado-alternativa-docente-unlar\/","title":{"rendered":"COMUNICADO ALTERNATIVA DOCENTE \u2013 UNLaR"},"content":{"rendered":"\n<p>Recientemente el candidato a presidente Javier Milei manifest\u00f3 su intenci\u00f3n de cerrar el Consejo Nacional de Investigaciones Cient\u00edficas y T\u00e9cnicas (CONICET), expresando, adem\u00e1s, un total desconocimiento y desprecio sobre lo que cient\u00edficos\/as realizan diariamente en pos del desarrollo de la Ciencia y T\u00e9cnica de nuestro pa\u00eds. Estas propuestas, que se suman a las de eliminar Ministerios como el de Educaci\u00f3n o el de Salud, merecen nuestro total rechazo y la necesidad urgente de convocar a toda la comunidad educativa de la UNLaR (estudiantes, graduados, no docentes, docentes e investigadores) y la familia riojana a realizar acciones conjuntas en Defensa de la Educaci\u00f3n P\u00fablica, las Universidades P\u00fablicas, la Ciencia y Tecnolog\u00eda, pilares del desarrollo de nuestro pa\u00eds. Que las dificultades que vivimos a causa de una inflaci\u00f3n multicausal y compleja no nos lleven a creer que se resuelven con frases m\u00e1gicas ni destruyendo los logros de m\u00e1s de 100 a\u00f1os de conquistas de derechos individuales, sociales y colectivos. \u00a1DEFENDAMOS LA EDUCACI\u00d3N Y LA UNIVERSIDAD P\u00daBLICAS, LA CIENCIA Y T\u00c9CNICA DE NUESTRO PA\u00cdS FRENTE A LAS PROPUESTAS DE DESTRUCCI\u00d3N!<\/p>\n\n\n\n<figure class=\"wp-block-image size-full\"><img decoding=\"async\" src=\"https:\/\/radiolarioja.com.ar\/rlr\/wp-content\/uploads\/2023\/08\/Screenshot_20230816_231301_WhatsApp.jpg\" alt=\"\" class=\"wp-image-15641\"\/><\/figure>\n","protected":false},"excerpt":{"rendered":"<p>Recientemente el candidato a presidente Javier Milei manifest\u00f3 su intenci\u00f3n de cerrar el Consejo Nacional de Investigaciones Cient\u00edficas<\/p>\n","protected":false},"author":2,"featured_media":15641,"comment_status":"open","ping_status":"open","sticky":false,"template":"","format":"standard","meta":{"footnotes":""},"categories":[12],"tags":[],"class_list":["post-15638","post","type-post","status-publish","format-standard","has-post-thumbnail","hentry","category-local"],"featured_image_urls":{"full":"","thumbnail":"","medium":"","medium_large":"","large":"","1536x1536":"","2048x2048":"","morenews-large":"","morenews-medium":""},"author_info":{"info":["RadioLaRioja"]},"category_info":"<a href=\"https:\/\/radiolarioja.com.ar\/rlr\/category\/local\/\" rel=\"category tag\">Local<\/a>","tag_info":"Local","comment_count":"0","_links":{"self":[{"href":"https:\/\/radiolarioja.com.ar\/rlr\/wp-json\/wp\/v2\/posts\/15638","targetHints":{"allow":["GET"]}}],"collection":[{"href":"https:\/\/radiolarioja.com.ar\/rlr\/wp-json\/wp\/v2\/posts"}],"about":[{"href":"https:\/\/radiolarioja.com.ar\/rlr\/wp-json\/wp\/v2\/types\/post"}],"author":[{"embeddable":true,"href":"https:\/\/radiolarioja.com.ar\/rlr\/wp-json\/wp\/v2\/users\/2"}],"replies":[{"embeddable":true,"href":"https:\/\/radiolarioja.com.ar\/rlr\/wp-json\/wp\/v2\/comments?post=15638"}],"version-history":[{"count":0,"href":"https:\/\/radiolarioja.com.ar\/rlr\/wp-json\/wp\/v2\/posts\/15638\/revisions"}],"wp:featuredmedia":[{"embeddable":true,"href":"https:\/\/radiolarioja.com.ar\/rlr\/wp-json\/"}],"wp:attachment":[{"href":"https:\/\/radiolarioja.com.ar\/rlr\/wp-json\/wp\/v2\/media?parent=15638"}],"wp:term":[{"taxonomy":"category","embeddable":true,"href":"https:\/\/radiolarioja.com.ar\/rlr\/wp-json\/wp\/v2\/categories?post=15638"},{"taxonomy":"post_tag","embeddable":true,"href":"https:\/\/radiolarioja.com.ar\/rlr\/wp-json\/wp\/v2\/tags?post=15638"}],"curies":[{"name":"wp","href":"https:\/\/api.w.org\/{rel}","templated":true}]}}