{"id":15635,"date":"2023-08-16T23:11:49","date_gmt":"2023-08-17T02:11:49","guid":{"rendered":"https:\/\/radiolarioja.com.ar\/rlr\/?p=15635"},"modified":"2023-08-16T23:11:49","modified_gmt":"2023-08-17T02:11:49","slug":"grupo-techint-busca-incorporar-a-400-jovenes-profesionales-y-pasantes","status":"publish","type":"post","link":"https:\/\/radiolarioja.com.ar\/rlr\/grupo-techint-busca-incorporar-a-400-jovenes-profesionales-y-pasantes\/","title":{"rendered":"Grupo Techint busca incorporar a 400 j\u00f3venes profesionales y pasantes"},"content":{"rendered":"\n<p>En el marco de sus programas \u00abJ\u00f3venes Profesionales\u00bb y \u00abPr\u00e1cticas Educativas de Verano\u00bb, el Grupo Techint realizar\u00e1 una b\u00fasqueda laboral en las provincias de Tucum\u00e1n, Salta, San Juan, Mendoza, Buenos Aires, Santa Fe, C\u00f3rdoba, CABA y Neuqu\u00e9n para incorporar a estudiantes o graduados recientes de Ingenier\u00edas, Ciencias Econ\u00f3micas y Sistemas.<\/p>\n\n\n\n<p>Con el lema \u00abS\u00e9 el protagonista de tu futuro profesional\u00bb, la b\u00fasqueda estar\u00e1 orientada a estudiantes universitarios que hayan aprobado por lo menos el 50% de las materias o graduados de las siguientes carreras: Ingenier\u00eda Industrial, El\u00e9ctrica, Electr\u00f3nica, en Materiales, en Petr\u00f3leo, Mec\u00e1nica, Mecatr\u00f3nica o Electromec\u00e1nica, Qu\u00edmica, Sistemas; Administraci\u00f3n de Empresas y Contador.<\/p>\n\n\n\n<p>La convocatoria se extender\u00e1 hasta el 2 de noviembre, tiempo en el cual la compa\u00f1\u00eda recorrer\u00e1 localidades de Tucum\u00e1n, Salta, San Juan, Mendoza, Buenos Aires, Santa Fe, C\u00f3rdoba y Neuqu\u00e9n para incorporar al menos 400 j\u00f3venes a las m\u00faltiples empresas del grupo.<\/p>\n\n\n\n<hr class=\"wp-block-separator has-alpha-channel-opacity\"\/>\n\n\n\n<p>Este jueves se llevar\u00e1 a cabo seminario de carne vacuna en Mar del Plata<\/p>\n\n\n\n<p>Bajo el lema \u00abConstruyendo competitividad para la carne vacuna argentina\u00bb, este jueves se llevar\u00e1 a cabo en el hotel NH Provincial de Mar del Plata un nuevo seminario regional del Instituto de Promoci\u00f3n de la Carne Vacuna Argentina (Ipcva).<\/p>\n\n\n\n<p>La apertura estar\u00e1 a cargo del presidente del Ipcva, Jorge Grimberg, y entre los expositores se anuncia la presencia de An\u00edbal Pordomingo, del Instituto Nacional de Tecnolog\u00eda Agropecuaria (INTA); el presidente de la C\u00e1mara Argentina de Feedlot, Fernando Storni; y Javier Echazarreta, del Instituto Nacional de Tecnolog\u00eda Industrial (INTI), entre otros.<\/p>\n\n\n\n<hr class=\"wp-block-separator has-alpha-channel-opacity\"\/>\n\n\n\n<p>GDN Argentina presenta su nuevo programa de beneficios M\u00e2sClub<\/p>\n\n\n\n<p>La empresa GDN Argentina, controlante de las marcas H\u00edper ChangoM\u00e2s, ChangoM\u00e2s, Super ChangoM\u00e2s, Punto Mayorista y M\u00e2sOnline.com.ar, present\u00f3 M\u00e2sClub, un nuevo programa de beneficios para clientes de todo el pa\u00eds<\/p>\n\n\n\n<p>Con este lanzamiento, GDN Argentina no solo suma una nueva propuesta digital a sus clientes, sino tambi\u00e9n fortalece una estrategia de innovaci\u00f3n enfocada en brindar la mejor experiencia omnicanal, todos los d\u00edas.<\/p>\n\n\n\n<p>A trav\u00e9s del portal Masclub.com.ar, los clientes podr\u00e1n acceder a promociones exclusivas en las sucursales, obtener descuentos en gastronom\u00eda, entretenimientos y en la red de farmacias y autocenters que tiene la cadena, entre otros rubros.<\/p>\n\n\n\n<hr class=\"wp-block-separator has-alpha-channel-opacity\"\/>\n\n\n\n<p>Se realizar\u00e1 en Trelew el primer Congreso de actualizaci\u00f3n lanera<\/p>\n\n\n\n<p>El primer congreso de actualizaci\u00f3n lanera, que se realizar\u00e1 el jueves y el viernes en la ciudad chubutense de Trelew, congregar\u00e1 a productores ovinos y profesionales del sector para abordar un importante temario vinculado con la principal actividad agropecuaria en este distrito.<\/p>\n\n\n\n<p>El presidente de la Sociedad Rural Valle del Chubut, Ricardo Iriani, explic\u00f3 a Telam que \u00abla idea es poner a disposici\u00f3n toda la informaci\u00f3n actualizada en tem\u00e1ticas que son de inter\u00e9s, de all\u00ed que hemos invitado a productores y profesionales en un trabajo que se viene organizando desde la \u00faltima exposici\u00f3n rural que se hizo en febrero\u00bb.<\/p>\n\n\n\n<p>La capacitaci\u00f3n gratuita abordar\u00e1 tem\u00e1ticas como \u00abel mejoramiento gen\u00e9tico, sanidad y el uso alternativo de la tierra entre otros\u00bb.<\/p>\n\n\n\n<p>Por su parte el director de la estaci\u00f3n experimental del INTA Chubut, Alejandro Rossi, explic\u00f3 a T\u00e9lam que \u00abla capacitaci\u00f3n es parte de nuestro trabajo que hacemos siempre de manera articulada con la sociedad rural, el Senasa, la provincia del Chubut y la municipalidad de Trelew\u00bb.<\/p>\n\n\n\n<p>La actividad, que se llevar\u00e1 adelante en ocho charlas que brindar\u00e1n distintos profesionales de la zona, fue organizada por el \u00abBureau de Eventos\u00bb de la municipalidad de Trelew se trata del primer congreso de capacitaci\u00f3n de estas caracter\u00edsticas.<\/p>\n\n\n\n<hr class=\"wp-block-separator has-alpha-channel-opacity\"\/>\n\n\n\n<p>Promueven la econom\u00eda circular mediante gesti\u00f3n de residuos pecuarios en el agro cordob\u00e9s<\/p>\n\n\n\n<p>El Gobierno de C\u00f3rdoba impulsa un programa de gesti\u00f3n de residuos pecuarios y buenas pr\u00e1cticas de econom\u00eda circular que, seg\u00fan la informaci\u00f3n oficial, capacita a los productores sobre las distintas formas de tratar sus desechos y convertirlos en recursos tales como bioenerg\u00eda.<\/p>\n\n\n\n<p>La iniciativa se enmarca en el Programa de Acciones Sustentables de la Secretar\u00eda de Ambiente local, con el apoyo financiero del Consejo Federal de Inversiones (CFI), que tiene como objetivo promover la econom\u00eda circular y las buenas pr\u00e1cticas ambientales y energ\u00e9ticas en micro, peque\u00f1as y medianas empresas de diferentes sectores productivos de la provincia.<\/p>\n\n\n\n<p>Las acciones ya est\u00e1n en marcha, de manera gratuita, mediante convenio con la C\u00e1mara de Productores Porcinos de C\u00f3rdoba, la C\u00e1mara Argentina de Feedlot y la C\u00e1mara de Avicultores de C\u00f3rdoba, que consiste en formaci\u00f3n y educaci\u00f3n sobre las pr\u00e1cticas sustentables y de la econom\u00eda circular en establecimientos de cr\u00eda intensiva y producci\u00f3n ganadera.<\/p>\n\n\n\n<hr class=\"wp-block-separator has-alpha-channel-opacity\"\/>\n\n\n\n<p>Banco Galicia otorg\u00f3 becas por $90 millones a 1.500 estudiantes del Ciclo B\u00e1sico Com\u00fan de la UBA<\/p>\n\n\n\n<p>El Banco Galicia otorg\u00f3 becas por $ 90 millones a 1.500 estudiantes del Ciclo B\u00e1sico Com\u00fan (CBC) de la UBA, con el fin de que los j\u00f3venes puedan continuar con sus estudios y se reduzca la tasa de rezago que existe durante el primer a\u00f1o de estudios.<\/p>\n\n\n\n<p>Cada alumno becado recibir\u00e1 un monto de $60.000 a lo largo del corriente a\u00f1o, en dos tramos, y una cuenta Move (segmento de clientes j\u00f3venes del banco), que incluye una caja de ahorro y una tarjeta de d\u00e9bito sin costo con acceso a beneficios.<\/p>\n\n\n\n<p>Tambi\u00e9n tendr\u00e1n acceso a un webinar sobre Educaci\u00f3n Financiera, para adquirir herramientas que les permita planificar su futuro econ\u00f3mico.<\/p>\n\n\n\n<p>El acto de entrega de las becas tuvo lugar en la sede de la facultad de Ciencias Econ\u00f3micas de la UBA y participaron, por parte de la universidad, Ricardo Gelpi, rector de la UBA; Felipe Vega Terra, director del CBC; Miguel Alejandro De Luca, secretario acad\u00e9mico del CBC; y Lucille Daniela Levy, presidente de la FUBA.<\/p>\n\n\n\n<figure class=\"wp-block-image size-full is-resized\"><img fetchpriority=\"high\" decoding=\"async\" src=\"https:\/\/radiolarioja.com.ar\/rlr\/wp-content\/uploads\/2023\/08\/grupo_techint__1.jpg_966076397.webp\" alt=\"\" class=\"wp-image-15637\" style=\"width:1034px;height:582px\" width=\"1034\" height=\"582\"\/><\/figure>\n","protected":false},"excerpt":{"rendered":"<p>En el marco de sus programas \u00abJ\u00f3venes Profesionales\u00bb y \u00abPr\u00e1cticas Educativas de Verano\u00bb, el Grupo Techint realizar\u00e1 una<\/p>\n","protected":false},"author":2,"featured_media":15637,"comment_status":"open","ping_status":"open","sticky":false,"template":"","format":"standard","meta":{"footnotes":""},"categories":[15],"tags":[],"class_list":["post-15635","post","type-post","status-publish","format-standard","has-post-thumbnail","hentry","category-nacional"],"featured_image_urls":{"full":"","thumbnail":"","medium":"","medium_large":"","large":"","1536x1536":"","2048x2048":"","morenews-large":"","morenews-medium":""},"author_info":{"info":["RadioLaRioja"]},"category_info":"<a href=\"https:\/\/radiolarioja.com.ar\/rlr\/category\/nacional\/\" rel=\"category tag\">Nacional<\/a>","tag_info":"Nacional","comment_count":"0","_links":{"self":[{"href":"https:\/\/radiolarioja.com.ar\/rlr\/wp-json\/wp\/v2\/posts\/15635","targetHints":{"allow":["GET"]}}],"collection":[{"href":"https:\/\/radiolarioja.com.ar\/rlr\/wp-json\/wp\/v2\/posts"}],"about":[{"href":"https:\/\/radiolarioja.com.ar\/rlr\/wp-json\/wp\/v2\/types\/post"}],"author":[{"embeddable":true,"href":"https:\/\/radiolarioja.com.ar\/rlr\/wp-json\/wp\/v2\/users\/2"}],"replies":[{"embeddable":true,"href":"https:\/\/radiolarioja.com.ar\/rlr\/wp-json\/wp\/v2\/comments?post=15635"}],"version-history":[{"count":0,"href":"https:\/\/radiolarioja.com.ar\/rlr\/wp-json\/wp\/v2\/posts\/15635\/revisions"}],"wp:featuredmedia":[{"embeddable":true,"href":"https:\/\/radiolarioja.com.ar\/rlr\/wp-json\/"}],"wp:attachment":[{"href":"https:\/\/radiolarioja.com.ar\/rlr\/wp-json\/wp\/v2\/media?parent=15635"}],"wp:term":[{"taxonomy":"category","embeddable":true,"href":"https:\/\/radiolarioja.com.ar\/rlr\/wp-json\/wp\/v2\/categories?post=15635"},{"taxonomy":"post_tag","embeddable":true,"href":"https:\/\/radiolarioja.com.ar\/rlr\/wp-json\/wp\/v2\/tags?post=15635"}],"curies":[{"name":"wp","href":"https:\/\/api.w.org\/{rel}","templated":true}]}}