{"id":15627,"date":"2023-08-16T23:06:12","date_gmt":"2023-08-17T02:06:12","guid":{"rendered":"https:\/\/radiolarioja.com.ar\/rlr\/?p=15627"},"modified":"2023-08-16T23:06:12","modified_gmt":"2023-08-17T02:06:12","slug":"homenaje-al-padre-de-la-patria","status":"publish","type":"post","link":"https:\/\/radiolarioja.com.ar\/rlr\/homenaje-al-padre-de-la-patria\/","title":{"rendered":"Homenaje al Padre de la Patria"},"content":{"rendered":"\n<p>La Municipalidad de la Capital realizar\u00e1 ma\u00f1ana desde las 14.45 el homenaje al Libertador General Jos\u00e9 de San Martin al cumplirse un nuevo aniversario de su paso a la inmortalidad.El acto que encabezar\u00e1 la intendenta In\u00e9s Brizuela y Doria, se iniciar\u00e1 a las 14.45 en la explanada del monumento ubicado en el centro de la plaza 25 de Mayo con el toque de gloria. Posteriormente las autoridades presidir\u00e1n un desfile c\u00edvico militar con la participacion de escuadras de instituciones municipales, agrupaciones gauchas y formaciones militares que se desplazar\u00e1n por la calle San Nicol\u00e1s de Bari.C\u00f3mo cierre, distintas bandas de m\u00fasica de la ciudad ofrecer\u00e1n un concierto frente al palacio de Tribunales. Se invita a toda la comunidad a participar del homenaje al Libertador de Am\u00e9rica. <\/p>\n\n\n\n<p>Corte de calles<\/p>\n\n\n\n<p>Entre las 14 y las 18 se interrumpir\u00e1 la circulaci\u00f3n vehicular sobre la calle San Nicol\u00e1s de Bari entre G\u00fcemes y San Martin.<\/p>\n\n\n\n<figure class=\"wp-block-image size-large\"><img decoding=\"async\" src=\"https:\/\/radiolarioja.com.ar\/rlr\/wp-content\/uploads\/2023\/08\/Screenshot_20230816_230359_WhatsApp-648x1024.jpg\" alt=\"\" class=\"wp-image-15630\"\/><\/figure>\n","protected":false},"excerpt":{"rendered":"<p>La Municipalidad de la Capital realizar\u00e1 ma\u00f1ana desde las 14.45 el homenaje al Libertador General Jos\u00e9 de San<\/p>\n","protected":false},"author":2,"featured_media":15630,"comment_status":"open","ping_status":"open","sticky":false,"template":"","format":"standard","meta":{"footnotes":""},"categories":[12],"tags":[],"class_list":["post-15627","post","type-post","status-publish","format-standard","has-post-thumbnail","hentry","category-local"],"featured_image_urls":{"full":"","thumbnail":"","medium":"","medium_large":"","large":"","1536x1536":"","2048x2048":"","morenews-large":"","morenews-medium":""},"author_info":{"info":["RadioLaRioja"]},"category_info":"<a href=\"https:\/\/radiolarioja.com.ar\/rlr\/category\/local\/\" rel=\"category tag\">Local<\/a>","tag_info":"Local","comment_count":"0","_links":{"self":[{"href":"https:\/\/radiolarioja.com.ar\/rlr\/wp-json\/wp\/v2\/posts\/15627","targetHints":{"allow":["GET"]}}],"collection":[{"href":"https:\/\/radiolarioja.com.ar\/rlr\/wp-json\/wp\/v2\/posts"}],"about":[{"href":"https:\/\/radiolarioja.com.ar\/rlr\/wp-json\/wp\/v2\/types\/post"}],"author":[{"embeddable":true,"href":"https:\/\/radiolarioja.com.ar\/rlr\/wp-json\/wp\/v2\/users\/2"}],"replies":[{"embeddable":true,"href":"https:\/\/radiolarioja.com.ar\/rlr\/wp-json\/wp\/v2\/comments?post=15627"}],"version-history":[{"count":0,"href":"https:\/\/radiolarioja.com.ar\/rlr\/wp-json\/wp\/v2\/posts\/15627\/revisions"}],"wp:featuredmedia":[{"embeddable":true,"href":"https:\/\/radiolarioja.com.ar\/rlr\/wp-json\/"}],"wp:attachment":[{"href":"https:\/\/radiolarioja.com.ar\/rlr\/wp-json\/wp\/v2\/media?parent=15627"}],"wp:term":[{"taxonomy":"category","embeddable":true,"href":"https:\/\/radiolarioja.com.ar\/rlr\/wp-json\/wp\/v2\/categories?post=15627"},{"taxonomy":"post_tag","embeddable":true,"href":"https:\/\/radiolarioja.com.ar\/rlr\/wp-json\/wp\/v2\/tags?post=15627"}],"curies":[{"name":"wp","href":"https:\/\/api.w.org\/{rel}","templated":true}]}}