{"id":15621,"date":"2023-08-16T23:01:18","date_gmt":"2023-08-17T02:01:18","guid":{"rendered":"https:\/\/radiolarioja.com.ar\/rlr\/?p=15621"},"modified":"2023-08-16T23:01:18","modified_gmt":"2023-08-17T02:01:18","slug":"avanzan-concursos-para-dotar-de-mas-eficiencia-y-mejorar-los-tiempos-de-la-justicia","status":"publish","type":"post","link":"https:\/\/radiolarioja.com.ar\/rlr\/avanzan-concursos-para-dotar-de-mas-eficiencia-y-mejorar-los-tiempos-de-la-justicia\/","title":{"rendered":"Avanzan concursos para dotar de m\u00e1s eficiencia y mejorar los tiempos de la justicia"},"content":{"rendered":"\n<p>Desde el Consejo de la Magistratura se convoc\u00f3 a concurso para cubrir cargos de jueces y fiscales en la provincia, postulaciones que se receptaran hasta el d\u00eda 25 de Agosto.As\u00ed lo di\u00f3 a conocer Karina Becerra Presidenta del Consejo de la Magistratura y Jueza del TSJ \u00abDesde el Consejo de la Magistratura de La Rioja realizamos el llamado a concurso para cubrir 14 cargos de Jueces y 10 de Fiscales, postulaciones que se recepcionar\u00e1n hasta el d\u00eda 25 de Agosto\u00bb\u00bbEsta nueva convocatoria, nos permite garantizar la eficaz prestaci\u00f3n del servicio de administraci\u00f3n de justicia, en pos de satisfacer los requerimientos y demandas que la sociedad nos reclama\u00bb, finaliz\u00f3 la magistrada.<\/p>\n\n\n\n<figure class=\"wp-block-image size-full\"><img decoding=\"async\" src=\"https:\/\/radiolarioja.com.ar\/rlr\/wp-content\/uploads\/2023\/08\/Screenshot_20230816_230034_WhatsApp.jpg\" alt=\"\" class=\"wp-image-15623\"\/><\/figure>\n","protected":false},"excerpt":{"rendered":"<p>Desde el Consejo de la Magistratura se convoc\u00f3 a concurso para cubrir cargos de jueces y fiscales en<\/p>\n","protected":false},"author":2,"featured_media":15623,"comment_status":"open","ping_status":"open","sticky":false,"template":"","format":"standard","meta":{"footnotes":""},"categories":[12],"tags":[],"class_list":["post-15621","post","type-post","status-publish","format-standard","has-post-thumbnail","hentry","category-local"],"featured_image_urls":{"full":"","thumbnail":"","medium":"","medium_large":"","large":"","1536x1536":"","2048x2048":"","morenews-large":"","morenews-medium":""},"author_info":{"info":["RadioLaRioja"]},"category_info":"<a href=\"https:\/\/radiolarioja.com.ar\/rlr\/category\/local\/\" rel=\"category tag\">Local<\/a>","tag_info":"Local","comment_count":"0","_links":{"self":[{"href":"https:\/\/radiolarioja.com.ar\/rlr\/wp-json\/wp\/v2\/posts\/15621","targetHints":{"allow":["GET"]}}],"collection":[{"href":"https:\/\/radiolarioja.com.ar\/rlr\/wp-json\/wp\/v2\/posts"}],"about":[{"href":"https:\/\/radiolarioja.com.ar\/rlr\/wp-json\/wp\/v2\/types\/post"}],"author":[{"embeddable":true,"href":"https:\/\/radiolarioja.com.ar\/rlr\/wp-json\/wp\/v2\/users\/2"}],"replies":[{"embeddable":true,"href":"https:\/\/radiolarioja.com.ar\/rlr\/wp-json\/wp\/v2\/comments?post=15621"}],"version-history":[{"count":0,"href":"https:\/\/radiolarioja.com.ar\/rlr\/wp-json\/wp\/v2\/posts\/15621\/revisions"}],"wp:featuredmedia":[{"embeddable":true,"href":"https:\/\/radiolarioja.com.ar\/rlr\/wp-json\/"}],"wp:attachment":[{"href":"https:\/\/radiolarioja.com.ar\/rlr\/wp-json\/wp\/v2\/media?parent=15621"}],"wp:term":[{"taxonomy":"category","embeddable":true,"href":"https:\/\/radiolarioja.com.ar\/rlr\/wp-json\/wp\/v2\/categories?post=15621"},{"taxonomy":"post_tag","embeddable":true,"href":"https:\/\/radiolarioja.com.ar\/rlr\/wp-json\/wp\/v2\/tags?post=15621"}],"curies":[{"name":"wp","href":"https:\/\/api.w.org\/{rel}","templated":true}]}}