{"id":15618,"date":"2023-08-16T23:08:19","date_gmt":"2023-08-17T02:08:19","guid":{"rendered":"https:\/\/radiolarioja.com.ar\/rlr\/?p=15618"},"modified":"2023-08-16T23:08:19","modified_gmt":"2023-08-17T02:08:19","slug":"obligados-al-optimismo","status":"publish","type":"post","link":"https:\/\/radiolarioja.com.ar\/rlr\/obligados-al-optimismo\/","title":{"rendered":"Obligados al optimismo"},"content":{"rendered":"\n<p>Por: Mariano Saravia<\/p>\n\n\n\n<figure class=\"wp-block-image size-full is-resized\"><img fetchpriority=\"high\" decoding=\"async\" src=\"https:\/\/radiolarioja.com.ar\/rlr\/wp-content\/uploads\/2023\/08\/elecciones-paso-2023-2-206114-1.webp\" alt=\"\" class=\"wp-image-15633\" style=\"width:951px;height:575px\" width=\"951\" height=\"575\"\/><\/figure>\n\n\n\n<p>Despu\u00e9s del shock del domingo, vino la depresi\u00f3n del lunes, pero hoy ya es martes y no hay tiempo que perder. Veo mucha gente encerrada en su propia bronca, depresi\u00f3n, incredulidad e imposibilidad de entender lo que pas\u00f3.<\/p>\n\n\n\n<p>Por supuesto que es una situaci\u00f3n horrible, pero somos parte de un pueblo martirizado desde hace 500 a\u00f1os, y no podemos pensar que esto es algo que solamente nos pasa a nosotros. Eso es de una soberbia que no se merecen nuestros h\u00e9roes y m\u00e1rtires.<\/p>\n\n\n\n<p>Nosotros venimos de los pueblos originarios exterminados, venimos de los pueblos africanos esclavizados, venimos de los 30 mil gauchos montoneros masacrados por Mitre, venimos de los 50 mil mapuches v\u00edctimas de Roca, de los 700 obreros asesinados por el Ej\u00e9rcito Argentino en la Semana Tr\u00e1gica (1919), de los 500 trabajadores del quebracho y el tanino exterminados en La Forestal (1921) y de los 1.200 peones rurales fusilados en la Patagonia Rebelde (1922). De la Masacre de Napalp\u00ed (500 moqoit y qoms), de la Matanza de Rinc\u00f3n Bomba (400 pilag\u00e1s) del Bombardeo de Plaza de Mayo (350 civiles muertos), de los fusilamientos de Trelew, de la dictadura c\u00edvico-militar-eclesi\u00e1stica (30 mil desaparecidos), de los 39 asesinados por De la R\u00faa, Bullrich, Mestre y Aguad en diciembre del 2001 y de los muertos de Bullrich en el gobierno de Macri (Santiago Maldonado y Rafael Nahuel, entre otros). Entonces, primer punto, no nos victimicemos en lo personal porque somos parte de un pueblo que viene siendo victimizado desde siempre. Y lo \u00fanico que no podemos hacer, por respeto a tanta sangre derramada, es bajar los brazos.<\/p>\n\n\n\n<p>Dicho eso, es necesario tener en cuenta el contexto actual.<\/p>\n\n\n\n<p>Y es que la cosa no es tan negra como algunos la pintan. Por supuesto, ubic\u00e1ndonos en el contexto. \u00bfY cu\u00e1l es el contexto? Que el fascismo y la extrema derecha avanzan en todo el mundo: ah\u00ed est\u00e1 VOX en Espa\u00f1a, Giorgia Meloni gobernando Italia, los gobiernos de Hungr\u00eda, Polonia y Ucrania, Marine Le Pen en Francia, Trump en Estados Unidos, Bolsonaro en Brasil, y podr\u00edamos seguir.<\/p>\n\n\n\n<p>En Argentina tambi\u00e9n avanza la extrema derecha, representada con matices por Bullrich y Milei. Y claro que es preocupante. En este contexto, nuestra esperanza hoy est\u00e1 en un neoliberal como Sergio Massa, con todas las cosas que ya sabemos de \u00e9l.<\/p>\n\n\n\n<p>Pero Ortega y Gasset dec\u00eda que el hombre es \u00e9l y sus circunstancias. Y lo que ha cambiado es la circunstancia, no Sergio Massa. Entonces, hoy Massa representa al menos conservar algo de civilidad, algunos derechos, la educaci\u00f3n y la salud p\u00fablica. Un eventual triunfo de Massa no ser\u00eda ning\u00fan paso adelante, sino NADA M\u00c1S Y NADA MENOS que un freno al fascismo. Y no es poco.<\/p>\n\n\n\n<p>Y ahora s\u00ed\u2026LAS BUENAS NOTICIAS<\/p>\n\n\n\n<p>Sin olvidar lo anterior (la historia y el contexto presente), viene lo que creo que es una buena noticia. Ojo, puedo equivocarme de ac\u00e1 a la China. Y si eso sucede, esperar\u00e9 las cr\u00edticas. Pero por lo menos lean lo que quiero decirles.<\/p>\n\n\n\n<p>Milei est\u00e1 fuerte y no me parece que baje mucho de ese 30 por ciento, creo que lo puede consolidar, pero tambi\u00e9n creo que le va a costar mucho ampliarlo. Ya explicar\u00e9 por qu\u00e9. Empieza otra campa\u00f1a con vistas al 22 de octubre y creo que su estrategia deber\u00eda ser seguir como ha venido, porque le ha dado resultado. Seguir\u00e1 gritando, insultando, jugando a ser el outsider de la pol\u00edtica y tratando de consolidar ese voto bronca que ya tiene.<\/p>\n\n\n\n<p>Por otro lado, Massa mantendr\u00e1 su discurso, que no es ni progre, pero al menos da garant\u00edas de no avanzar en lo que propone la derecha (ola de privatizaciones y desmantelamiento de los derechos laborales). Pero b\u00e1sicamente deber\u00e1 gestionar y mostrar, aunque sea una leve mejora en la vida cotidiana de la gente. Si es imposible bajar la inflaci\u00f3n en el cort\u00edsimo plazo, pues entonces tendr\u00e1 que ponerle un poco de plata en el bolsillo a la gente. Y eso se puede lograr si llegan los entre 8 y 10 mil millones de d\u00f3lares del FMI. Miren ad\u00f3nde hemos llegado, a tener que depender del fondo. Pero ahora no estamos para analizar por qu\u00e9 llegamos hasta ac\u00e1 sino para ver c\u00f3mo revertimos la cosa en dos meses.<\/p>\n\n\n\n<p>La clave es Bullrich. Y ac\u00e1 viene la gran BUENA NOTICIA. Un amigo, con mucho tino, me dec\u00eda que por primera vez, a Juntos por el Cambio alguien lo corre por derecha, y ese es Milei. Y esto es un gran problema para JxC. \u00bfC\u00f3mo deber\u00eda hacer campa\u00f1a Bullrich? No puede mostrarse agresiva y desafiante porque ese lugar ya lo ocupa Milei, y con m\u00e1s histrionismo y resultados que ella. Tampoco puede moderarse, porque no ser\u00eda ella y perder\u00eda su base de sustentaci\u00f3n. Adem\u00e1s, tampoco es seguro que la totalidad de los votos de Rodr\u00edguez Larreta vayan a ir a Bullrich, como s\u00ed la totalidad de los votos de Grabois van a ir a Massa.<\/p>\n\n\n\n<p>Por lo tanto, la PRIMERA BUENA NOTICIA es que no ser\u00eda tan descabellado que Massa pase a segunda vuelta contra Milei.<br \/>Y ac\u00e1 viene la SEGUNDA BUENA NOTICIA. Y es que una segunda vuelta contra Bullrich ser\u00eda muy dif\u00edcil, pero una segunda vuelta contra Milei no lo es tanto, o no es imposible. Y paso a explicar.<\/p>\n\n\n\n<p>Simplemente porque el establishment, el poder real, el gran capital no quiere que Milei sea presidente, porque representa la anarqu\u00eda y generar\u00eda una situaci\u00f3n imprevisible, y ellos necesitan previsibilidad para seguir ganando plata. Por lo tanto, en una eventual segunda vuelta entre Massa y Milei, no ser\u00eda raro que la gran maquinaria comunicacional (y eso es much\u00edsimo m\u00e1s que simplemente los medios de comunicaci\u00f3n) se ponga en contra del payaso mal llamado libertario.<\/p>\n\n\n\n<p>En resumen, no es una situaci\u00f3n linda, no es esperada, pero tampoco podemos sorprendernos tanto. Y lo que menos podemos hacer es seguir llorando como si TODO estuviera perdido. Primero, porque objetivamente no todo est\u00e1 perdido. Y porque subjetivamente, sabemos que el que sue\u00f1a que se mueres\u2026 se muere.<\/p>\n\n\n\n<p>As\u00ed que vamo arriba, como dicen los uruguayos.<\/p>\n\n\n\n<p>Hoy no podemos decir hasta la victoria, pero s\u00ed hasta ponerle un freno temporal a un peligro muy grande que nos acecha: el fascismo. Cada uno y cada una en su lugar puede dar esta batalla, tenemos dos meses escasos. Pero hay que empezar por asumir el momento, sacudirnos el polvo del golpazo y poner la mejor cara que podamos.<\/p>\n","protected":false},"excerpt":{"rendered":"<p>Por: Mariano Saravia Despu\u00e9s del shock del domingo, vino la depresi\u00f3n del lunes, pero hoy ya es martes<\/p>\n","protected":false},"author":2,"featured_media":15633,"comment_status":"open","ping_status":"open","sticky":false,"template":"","format":"standard","meta":{"footnotes":""},"categories":[16],"tags":[],"class_list":["post-15618","post","type-post","status-publish","format-standard","has-post-thumbnail","hentry","category-opinion"],"featured_image_urls":{"full":"","thumbnail":"","medium":"","medium_large":"","large":"","1536x1536":"","2048x2048":"","morenews-large":"","morenews-medium":""},"author_info":{"info":["RadioLaRioja"]},"category_info":"<a href=\"https:\/\/radiolarioja.com.ar\/rlr\/category\/opinion\/\" rel=\"category tag\">Opini\u00f3n<\/a>","tag_info":"Opini\u00f3n","comment_count":"0","_links":{"self":[{"href":"https:\/\/radiolarioja.com.ar\/rlr\/wp-json\/wp\/v2\/posts\/15618","targetHints":{"allow":["GET"]}}],"collection":[{"href":"https:\/\/radiolarioja.com.ar\/rlr\/wp-json\/wp\/v2\/posts"}],"about":[{"href":"https:\/\/radiolarioja.com.ar\/rlr\/wp-json\/wp\/v2\/types\/post"}],"author":[{"embeddable":true,"href":"https:\/\/radiolarioja.com.ar\/rlr\/wp-json\/wp\/v2\/users\/2"}],"replies":[{"embeddable":true,"href":"https:\/\/radiolarioja.com.ar\/rlr\/wp-json\/wp\/v2\/comments?post=15618"}],"version-history":[{"count":0,"href":"https:\/\/radiolarioja.com.ar\/rlr\/wp-json\/wp\/v2\/posts\/15618\/revisions"}],"wp:featuredmedia":[{"embeddable":true,"href":"https:\/\/radiolarioja.com.ar\/rlr\/wp-json\/"}],"wp:attachment":[{"href":"https:\/\/radiolarioja.com.ar\/rlr\/wp-json\/wp\/v2\/media?parent=15618"}],"wp:term":[{"taxonomy":"category","embeddable":true,"href":"https:\/\/radiolarioja.com.ar\/rlr\/wp-json\/wp\/v2\/categories?post=15618"},{"taxonomy":"post_tag","embeddable":true,"href":"https:\/\/radiolarioja.com.ar\/rlr\/wp-json\/wp\/v2\/tags?post=15618"}],"curies":[{"name":"wp","href":"https:\/\/api.w.org\/{rel}","templated":true}]}}