{"id":15614,"date":"2023-08-16T22:54:22","date_gmt":"2023-08-17T01:54:22","guid":{"rendered":"https:\/\/radiolarioja.com.ar\/rlr\/?p=15614"},"modified":"2023-08-16T22:54:22","modified_gmt":"2023-08-17T01:54:22","slug":"kicillof-advirtio-que-la-educacion-es-un-derecho-y-no-una-cuestion-de-guita","status":"publish","type":"post","link":"https:\/\/radiolarioja.com.ar\/rlr\/kicillof-advirtio-que-la-educacion-es-un-derecho-y-no-una-cuestion-de-guita\/","title":{"rendered":"Kicillof advirti\u00f3 que la educaci\u00f3n es un \u00abderecho\u00bb y no una \u00abcuesti\u00f3n de guita\u00bb"},"content":{"rendered":"\n<p>El gobernador de la provincia de Buenos Aires, Axel Kicillof, advirti\u00f3 hoy que \u00abla derecha tiene muchos candidatos pero un solo proyecto, que es quitar derechos\u00bb, y resalt\u00f3 que la educaci\u00f3n no es una \u00abcuesti\u00f3n de guita\u00bb, en respuesta a la discusi\u00f3n impulsada por el candidato de La Libertad Avanza, Javier Milei, para privatizar ese servicio p\u00fablico.<\/p>\n\n\n\n<p>\u00abUno de los factores centrales para generar igualdad de oportunidades, econ\u00f3micas, geogr\u00e1ficas e incluso familiar es la educaci\u00f3n\u00bb, dijo Kicillof al inaugurar el nuevo edificio para el Centro Educativo Complementario N\u00b0 802 en la ciudad de Berisso.<\/p>\n\n\n\n<p>El mandatario provincial afirm\u00f3 as\u00ed que \u00aba cada uno de los pibes lo asiste un derecho que es la educaci\u00f3n, es un derecho que no se resuelve con una cuesti\u00f3n de guita\u00bb.<\/p>\n\n\n\n<p>Para Kicillof, \u00abla derecha tiene muchos candidatos pero un solo proyecto, que es quitar derechos. Hoy estamos inaugurando el edificio n\u00famero 172 desde que estamos en el Gobierno. Realizamos en esta gesti\u00f3n 12 mil obras en toda la provincia\u00bb.<\/p>\n\n\n\n<p>El gobernador dijo que vio en los \u00faltimos d\u00edas la \u00abrecorrida que hicieron por los canales macristas\u00bb tras las PASO los candidatos opositores Patricia Bullrich y Javier Milei, y se\u00f1al\u00f3 que si bien hay \u00abproblemas\u00bb, con lo que proponen esos postulantes \u00abno van a arreglarlos\u00bb.<\/p>\n\n\n\n<p>\u00abSer\u00e1 al rev\u00e9s. Est\u00e1n bastante de acuerdo. Milei dijo que (Mauricio) Macri y (Domingo) Cavallo eran dos momentos destacados de la historia argentina. Cavallo destruy\u00f3 el pa\u00eds y varias veces, y lo de Macri no hay que ni explicarlo\u00bb, a\u00f1adi\u00f3.<\/p>\n\n\n\n<p>El mandatario bonaerense encabez\u00f3 su primer acto tras el triunfo que Uni\u00f3n por la Patria (UxP) obtuvo en las PASO del distrito el domingo \u00faltimo, y estuvo acompa\u00f1ado por el titular de la Direcci\u00f3n General de Cultura y Educaci\u00f3n, Alberto Sileoni, y el intendente de Berisso, Fabi\u00e1n Cagliardi.<\/p>\n\n\n\n<p>\u00abVenimos acelerando la gesti\u00f3n. Venimos de la pandemia y ni bien termin\u00f3, en un a\u00f1o y medio inauguramos 171 edificios escolares. Hoy nos encontramos con lo que falta. Son muchos los que faltan, pero hoy estamos abriendo el edifico nuevo 172 en la provincia de Buenos Aires\u00bb, apunt\u00f3.<\/p>\n\n\n\n<p>Kicillof indic\u00f3 que el Ejecutivo bonaerense seguir\u00e1 \u00abinaugurando escuelas, reparando las que nos quedan y desarrollando un plan para los pr\u00f3ximos cuatro a\u00f1os\u00bb.<\/p>\n\n\n\n<p>Consultado por quienes no concurrieron a votar en las PASO, dijo que quien \u00abno ejerce su derecho\u00bb al sufragio \u00abpermite que otro lo haga\u00bb, porque en el \u00abporcentaje\u00bb del recuento \u00abes como si hubiera votado, porque se calcula sobre los que fueron a votar\u00bb.<\/p>\n\n\n\n<figure class=\"wp-block-image size-large\"><img decoding=\"async\" src=\"https:\/\/radiolarioja.com.ar\/rlr\/wp-content\/uploads\/2023\/08\/636710_20230816200020-1024x580.webp\" alt=\"\" class=\"wp-image-15616\"\/><\/figure>\n","protected":false},"excerpt":{"rendered":"<p>El gobernador de la provincia de Buenos Aires, Axel Kicillof, advirti\u00f3 hoy que \u00abla derecha tiene muchos candidatos<\/p>\n","protected":false},"author":2,"featured_media":15616,"comment_status":"open","ping_status":"open","sticky":false,"template":"","format":"standard","meta":{"footnotes":""},"categories":[15],"tags":[],"class_list":["post-15614","post","type-post","status-publish","format-standard","has-post-thumbnail","hentry","category-nacional"],"featured_image_urls":{"full":"","thumbnail":"","medium":"","medium_large":"","large":"","1536x1536":"","2048x2048":"","morenews-large":"","morenews-medium":""},"author_info":{"info":["RadioLaRioja"]},"category_info":"<a href=\"https:\/\/radiolarioja.com.ar\/rlr\/category\/nacional\/\" rel=\"category tag\">Nacional<\/a>","tag_info":"Nacional","comment_count":"0","_links":{"self":[{"href":"https:\/\/radiolarioja.com.ar\/rlr\/wp-json\/wp\/v2\/posts\/15614","targetHints":{"allow":["GET"]}}],"collection":[{"href":"https:\/\/radiolarioja.com.ar\/rlr\/wp-json\/wp\/v2\/posts"}],"about":[{"href":"https:\/\/radiolarioja.com.ar\/rlr\/wp-json\/wp\/v2\/types\/post"}],"author":[{"embeddable":true,"href":"https:\/\/radiolarioja.com.ar\/rlr\/wp-json\/wp\/v2\/users\/2"}],"replies":[{"embeddable":true,"href":"https:\/\/radiolarioja.com.ar\/rlr\/wp-json\/wp\/v2\/comments?post=15614"}],"version-history":[{"count":0,"href":"https:\/\/radiolarioja.com.ar\/rlr\/wp-json\/wp\/v2\/posts\/15614\/revisions"}],"wp:featuredmedia":[{"embeddable":true,"href":"https:\/\/radiolarioja.com.ar\/rlr\/wp-json\/"}],"wp:attachment":[{"href":"https:\/\/radiolarioja.com.ar\/rlr\/wp-json\/wp\/v2\/media?parent=15614"}],"wp:term":[{"taxonomy":"category","embeddable":true,"href":"https:\/\/radiolarioja.com.ar\/rlr\/wp-json\/wp\/v2\/categories?post=15614"},{"taxonomy":"post_tag","embeddable":true,"href":"https:\/\/radiolarioja.com.ar\/rlr\/wp-json\/wp\/v2\/tags?post=15614"}],"curies":[{"name":"wp","href":"https:\/\/api.w.org\/{rel}","templated":true}]}}