{"id":15611,"date":"2023-08-16T22:51:06","date_gmt":"2023-08-17T01:51:06","guid":{"rendered":"https:\/\/radiolarioja.com.ar\/rlr\/?p=15611"},"modified":"2023-08-16T22:51:06","modified_gmt":"2023-08-17T01:51:06","slug":"excombatientes-de-malvinas-milei-y-villarruel-son-una-fuerza-de-tarea-que-plantea-un-no-pais","status":"publish","type":"post","link":"https:\/\/radiolarioja.com.ar\/rlr\/excombatientes-de-malvinas-milei-y-villarruel-son-una-fuerza-de-tarea-que-plantea-un-no-pais\/","title":{"rendered":"Excombatientes de Malvinas: Milei y Villarruel son \u00abuna fuerza de tarea\u00bb que plantea \u00abun no pa\u00eds\u00bb"},"content":{"rendered":"\n<p>El Centro de Excombatientes Islas Malvinas de La Plata calific\u00f3 hoy a la dupla presidencial de La Libertad Avanza (LLA) Javier Milei-Victoria Villarruel como \u00abuna fuerza de tarea\u00bb que busca \u00abconsolidar la presencia colonial de Gran Breta\u00f1a en el Atl\u00e1ntico Sur\u00bb.<\/p>\n\n\n\n<p>Los exsoldados consideraron que Milei aborda temas \u00aben forma disruptiva\u00bb y que \u00abpuede enga\u00f1ar a algunos pero no debiera lograr una mayor\u00eda suficiente para ser elegido\u00bb presidente.<\/p>\n\n\n\n<p>En un comunicado dijeron que el l\u00edder de LLA tiene a la premier del Reino Unido durante la Guerra de Malvinas, Margaret Thatcher, como \u00abreferente\u00bb, y aseguraron que Milei \u00abviene a terminar con la pol\u00edtica de Estado sobre el reclamo de Malvinas, para consolidar la presencia colonial de Gran Breta\u00f1a en el Atl\u00e1ntico Sur\u00bb.<\/p>\n\n\n\n<p>\u00ab\u00bfEstamos dispuestos los argentinos a darles la posibilidad mediante el voto universal a quienes, con viejos patrones de colonizaci\u00f3n pol\u00edtica y cultura de la entrega, hagan de la Argentina un &#8216;no pa\u00eds&#8217;?\u00bb, se preguntaron.<\/p>\n\n\n\n<p>Y aseguraron que los votos obtenidos por la f\u00f3rmula de LLA en las PASO apoyan a \u00abuna fuerza de tarea que ha desembarcado en el territorio nacional, liderado por un estrafalario que ante la crisis que sufrimos los argentinos, producto de las peores recetas neoliberales, el endeudamiento externo, la vuelta de la mano de Mauricio Macri al Fondo Monetario Internacional, hoy le propone a la sociedad un modelo de no pa\u00eds\u00bb.<\/p>\n\n\n\n<p>\u00abDe esta crisis no salimos con menos Estado, menos pol\u00edticas p\u00fablicas, ni con negacionistas como Victoria Villarruel\u00bb, aseguraron, y rechazaron las propuestas que proponen una salida \u00absin un Estado presente en pol\u00edticas sanitarias, con ajuste a los jubilados, reducci\u00f3n de salarios, dolarizaci\u00f3n y quita de derechos\u00bb.<\/p>\n\n\n\n<p>\u00abAs\u00ed como Patricia Bullrich propuso cambiar vacunas por las Islas Malvinas, ahora Javier Milei viene a duplicar la apuesta\u00bb, dijo el Centro, y afirm\u00f3 que \u00abahora la fuerza de tarea env\u00eda a un elemento llamado Milei a convencer a los argentinos de lo que quieren los brit\u00e1nicos: que los consideremos &#8216;vecinos&#8217; a los que instalaron una fortaleza militar en Monte Agradable en las Islas Malvinas que amenazan la Paz de la Argentina y de la Regi\u00f3n\u00bb.<\/p>\n\n\n\n<figure class=\"wp-block-image size-large\"><img decoding=\"async\" src=\"https:\/\/radiolarioja.com.ar\/rlr\/wp-content\/uploads\/2023\/08\/64400115000c2_1200-1024x576.jpg\" alt=\"\" class=\"wp-image-15612\"\/><\/figure>\n","protected":false},"excerpt":{"rendered":"<p>El Centro de Excombatientes Islas Malvinas de La Plata calific\u00f3 hoy a la dupla presidencial de La Libertad<\/p>\n","protected":false},"author":2,"featured_media":15612,"comment_status":"open","ping_status":"open","sticky":false,"template":"","format":"standard","meta":{"footnotes":""},"categories":[15],"tags":[],"class_list":["post-15611","post","type-post","status-publish","format-standard","has-post-thumbnail","hentry","category-nacional"],"featured_image_urls":{"full":"","thumbnail":"","medium":"","medium_large":"","large":"","1536x1536":"","2048x2048":"","morenews-large":"","morenews-medium":""},"author_info":{"info":["RadioLaRioja"]},"category_info":"<a href=\"https:\/\/radiolarioja.com.ar\/rlr\/category\/nacional\/\" rel=\"category tag\">Nacional<\/a>","tag_info":"Nacional","comment_count":"0","_links":{"self":[{"href":"https:\/\/radiolarioja.com.ar\/rlr\/wp-json\/wp\/v2\/posts\/15611","targetHints":{"allow":["GET"]}}],"collection":[{"href":"https:\/\/radiolarioja.com.ar\/rlr\/wp-json\/wp\/v2\/posts"}],"about":[{"href":"https:\/\/radiolarioja.com.ar\/rlr\/wp-json\/wp\/v2\/types\/post"}],"author":[{"embeddable":true,"href":"https:\/\/radiolarioja.com.ar\/rlr\/wp-json\/wp\/v2\/users\/2"}],"replies":[{"embeddable":true,"href":"https:\/\/radiolarioja.com.ar\/rlr\/wp-json\/wp\/v2\/comments?post=15611"}],"version-history":[{"count":0,"href":"https:\/\/radiolarioja.com.ar\/rlr\/wp-json\/wp\/v2\/posts\/15611\/revisions"}],"wp:featuredmedia":[{"embeddable":true,"href":"https:\/\/radiolarioja.com.ar\/rlr\/wp-json\/"}],"wp:attachment":[{"href":"https:\/\/radiolarioja.com.ar\/rlr\/wp-json\/wp\/v2\/media?parent=15611"}],"wp:term":[{"taxonomy":"category","embeddable":true,"href":"https:\/\/radiolarioja.com.ar\/rlr\/wp-json\/wp\/v2\/categories?post=15611"},{"taxonomy":"post_tag","embeddable":true,"href":"https:\/\/radiolarioja.com.ar\/rlr\/wp-json\/wp\/v2\/tags?post=15611"}],"curies":[{"name":"wp","href":"https:\/\/api.w.org\/{rel}","templated":true}]}}