{"id":15606,"date":"2023-08-16T22:49:50","date_gmt":"2023-08-17T01:49:50","guid":{"rendered":"https:\/\/radiolarioja.com.ar\/rlr\/?p=15606"},"modified":"2023-08-16T22:49:50","modified_gmt":"2023-08-17T01:49:50","slug":"se-cerro-el-paso-internacional-cristo-redentor-y-se-preve-la-inestabilidad-por-siete-dias","status":"publish","type":"post","link":"https:\/\/radiolarioja.com.ar\/rlr\/se-cerro-el-paso-internacional-cristo-redentor-y-se-preve-la-inestabilidad-por-siete-dias\/","title":{"rendered":"Se cerr\u00f3 el Paso Internacional Cristo Redentor y se prev\u00e9 la inestabilidad por siete d\u00edas"},"content":{"rendered":"\n<p>El Paso Internacional que une Argentina y Chile, a la altura de Mendoza, fue cerrado esta noche a las 19.50, debido al ingreso de un frente de mal tiempo que afectar\u00e1 a la Alta Monta\u00f1a, informaron voceros de la Coordinaci\u00f3n Sistema Integrado Cristo Redentor.<\/p>\n\n\n\n<p>En ese sentido, y en coordinaci\u00f3n con las autoridades de ambos pa\u00edses, anticiparon que desde ma\u00f1ana se mantendr\u00e1 cerrado el Sistema Integrado Cristo Redentor por nevadas.<\/p>\n\n\n\n<p>A su vez, indicaron que se informar\u00e1 d\u00eda a d\u00eda el estado de las condiciones de transitabilidad en todo el corredor andino.<\/p>\n\n\n\n<p>La inestabilidad, confiaron las fuentes, se vislumbra durante los pr\u00f3ximos siete d\u00edas.<\/p>\n\n\n\n<figure class=\"wp-block-image size-full is-resized\"><img fetchpriority=\"high\" decoding=\"async\" src=\"https:\/\/radiolarioja.com.ar\/rlr\/wp-content\/uploads\/2023\/08\/64b5e61266674__700x430.webp\" alt=\"\" class=\"wp-image-15608\" style=\"width:957px;height:588px\" width=\"957\" height=\"588\"\/><\/figure>\n","protected":false},"excerpt":{"rendered":"<p>El Paso Internacional que une Argentina y Chile, a la altura de Mendoza, fue cerrado esta noche a<\/p>\n","protected":false},"author":2,"featured_media":15608,"comment_status":"open","ping_status":"open","sticky":false,"template":"","format":"standard","meta":{"footnotes":""},"categories":[11,15],"tags":[],"class_list":["post-15606","post","type-post","status-publish","format-standard","has-post-thumbnail","hentry","category-internacional","category-nacional"],"featured_image_urls":{"full":"","thumbnail":"","medium":"","medium_large":"","large":"","1536x1536":"","2048x2048":"","morenews-large":"","morenews-medium":""},"author_info":{"info":["RadioLaRioja"]},"category_info":"<a href=\"https:\/\/radiolarioja.com.ar\/rlr\/category\/internacional\/\" rel=\"category tag\">Internacional<\/a> <a href=\"https:\/\/radiolarioja.com.ar\/rlr\/category\/nacional\/\" rel=\"category tag\">Nacional<\/a>","tag_info":"Nacional","comment_count":"0","_links":{"self":[{"href":"https:\/\/radiolarioja.com.ar\/rlr\/wp-json\/wp\/v2\/posts\/15606","targetHints":{"allow":["GET"]}}],"collection":[{"href":"https:\/\/radiolarioja.com.ar\/rlr\/wp-json\/wp\/v2\/posts"}],"about":[{"href":"https:\/\/radiolarioja.com.ar\/rlr\/wp-json\/wp\/v2\/types\/post"}],"author":[{"embeddable":true,"href":"https:\/\/radiolarioja.com.ar\/rlr\/wp-json\/wp\/v2\/users\/2"}],"replies":[{"embeddable":true,"href":"https:\/\/radiolarioja.com.ar\/rlr\/wp-json\/wp\/v2\/comments?post=15606"}],"version-history":[{"count":0,"href":"https:\/\/radiolarioja.com.ar\/rlr\/wp-json\/wp\/v2\/posts\/15606\/revisions"}],"wp:featuredmedia":[{"embeddable":true,"href":"https:\/\/radiolarioja.com.ar\/rlr\/wp-json\/"}],"wp:attachment":[{"href":"https:\/\/radiolarioja.com.ar\/rlr\/wp-json\/wp\/v2\/media?parent=15606"}],"wp:term":[{"taxonomy":"category","embeddable":true,"href":"https:\/\/radiolarioja.com.ar\/rlr\/wp-json\/wp\/v2\/categories?post=15606"},{"taxonomy":"post_tag","embeddable":true,"href":"https:\/\/radiolarioja.com.ar\/rlr\/wp-json\/wp\/v2\/tags?post=15606"}],"curies":[{"name":"wp","href":"https:\/\/api.w.org\/{rel}","templated":true}]}}