{"id":15602,"date":"2023-08-16T22:43:30","date_gmt":"2023-08-17T01:43:30","guid":{"rendered":"https:\/\/radiolarioja.com.ar\/rlr\/?p=15602"},"modified":"2023-08-16T22:43:30","modified_gmt":"2023-08-17T01:43:30","slug":"tiro-lucas-mercado-luna-tendra-este-domingo-la-posibilidad-de-lograr-un-lugar-dentro-del-equipo-de-la-seleccion-argentina-de-juego-de-campo","status":"publish","type":"post","link":"https:\/\/radiolarioja.com.ar\/rlr\/tiro-lucas-mercado-luna-tendra-este-domingo-la-posibilidad-de-lograr-un-lugar-dentro-del-equipo-de-la-seleccion-argentina-de-juego-de-campo\/","title":{"rendered":"TIRO: Lucas Mercado Luna, tendr\u00e1 este domingo la posibilidad de lograr un lugar dentro del equipo de la Selecci\u00f3n Argentina de Juego de Campo."},"content":{"rendered":"\n<h1 class=\"wp-block-heading\">TiroConArco<\/h1>\n\n\n\n<p><span style=\"background-color:#ffbfb5\" class=\"td_text_highlight_marker\">&#x1f7e0; Mercado Luna al selectivo de Juego de Campo<\/span><\/p>\n\n\n\n<p><strong>El representante del Tiro Federal La Rioja, Lucas Mercado Luna, tendr\u00e1 este domingo la posibilidad de lograr un lugar dentro del equipo de la Selecci\u00f3n Argentina de Juego de Campo.<\/strong><\/p>\n\n\n\n<p>Lucas ya viene cosechando muchas medallas desde el 2022 y est\u00e1 posicionado en el primer lugar del ranking nacional, por lo que tendr\u00e1 que revalidar su chapa de candidato.<\/p>\n\n\n\n<p>El Torneo Selectivo tendr\u00e1 lugar en la ciudad de Rio Cuarto, C\u00f3rdoba y ser\u00e1 organizado por el AeroClub R\u00edo Cuarto, conjuntamente con la Federaci\u00f3n Argentina de Tiro con Arco.<\/p>\n\n\n\n<p>En este Torneo tambi\u00e9n participar\u00e1 representando al Tiro Federal La Rioja el arquero Alfredo Cafure, oriundo de C\u00f3rdoba, pero que viste los colores de la entidad riojana.<\/p>\n\n\n\n<p>La competencia del pr\u00f3ximo domingo contar\u00e1 de un recorrido formado por 24 blancos todos a distancias desconocidas, y finalizada esa ronda se disputar\u00e1n las eliminatorias finales, donde saldr\u00e1n los ganadores, determinando los integrantes de la Selecci\u00f3n en sus distintas categor\u00edas.<\/p>\n\n\n\n<p>Cabe recordar, que Mercado Luna viene trabajando intensamente en su preparaci\u00f3n con el objetivo de vestir los colores de la selecci\u00f3n Argentina y as\u00ed representar a su pa\u00eds en el pr\u00f3ximo Torneo Panamericano de la modalidad, a desarrollarse en el mes de Noviembre en Posadas, Misiones.<\/p>\n\n\n\n<figure class=\"wp-block-image size-large\"><img decoding=\"async\" src=\"https:\/\/radiolarioja.com.ar\/rlr\/wp-content\/uploads\/2023\/08\/WhatsApp-Image-2023-08-16-at-22.38.33-1024x683.jpeg\" alt=\"\" class=\"wp-image-15604\"\/><\/figure>\n","protected":false},"excerpt":{"rendered":"<p>TiroConArco &#x1f7e0; Mercado Luna al selectivo de Juego de Campo El representante del Tiro Federal La Rioja, Lucas<\/p>\n","protected":false},"author":2,"featured_media":15604,"comment_status":"open","ping_status":"open","sticky":false,"template":"","format":"standard","meta":{"footnotes":""},"categories":[3],"tags":[],"class_list":["post-15602","post","type-post","status-publish","format-standard","has-post-thumbnail","hentry","category-deporte"],"featured_image_urls":{"full":"","thumbnail":"","medium":"","medium_large":"","large":"","1536x1536":"","2048x2048":"","morenews-large":"","morenews-medium":""},"author_info":{"info":["RadioLaRioja"]},"category_info":"<a href=\"https:\/\/radiolarioja.com.ar\/rlr\/category\/deporte\/\" rel=\"category tag\">Deporte<\/a>","tag_info":"Deporte","comment_count":"0","_links":{"self":[{"href":"https:\/\/radiolarioja.com.ar\/rlr\/wp-json\/wp\/v2\/posts\/15602","targetHints":{"allow":["GET"]}}],"collection":[{"href":"https:\/\/radiolarioja.com.ar\/rlr\/wp-json\/wp\/v2\/posts"}],"about":[{"href":"https:\/\/radiolarioja.com.ar\/rlr\/wp-json\/wp\/v2\/types\/post"}],"author":[{"embeddable":true,"href":"https:\/\/radiolarioja.com.ar\/rlr\/wp-json\/wp\/v2\/users\/2"}],"replies":[{"embeddable":true,"href":"https:\/\/radiolarioja.com.ar\/rlr\/wp-json\/wp\/v2\/comments?post=15602"}],"version-history":[{"count":0,"href":"https:\/\/radiolarioja.com.ar\/rlr\/wp-json\/wp\/v2\/posts\/15602\/revisions"}],"wp:featuredmedia":[{"embeddable":true,"href":"https:\/\/radiolarioja.com.ar\/rlr\/wp-json\/"}],"wp:attachment":[{"href":"https:\/\/radiolarioja.com.ar\/rlr\/wp-json\/wp\/v2\/media?parent=15602"}],"wp:term":[{"taxonomy":"category","embeddable":true,"href":"https:\/\/radiolarioja.com.ar\/rlr\/wp-json\/wp\/v2\/categories?post=15602"},{"taxonomy":"post_tag","embeddable":true,"href":"https:\/\/radiolarioja.com.ar\/rlr\/wp-json\/wp\/v2\/tags?post=15602"}],"curies":[{"name":"wp","href":"https:\/\/api.w.org\/{rel}","templated":true}]}}