{"id":15593,"date":"2023-08-16T22:27:27","date_gmt":"2023-08-17T01:27:27","guid":{"rendered":"https:\/\/radiolarioja.com.ar\/rlr\/?p=15593"},"modified":"2023-08-16T22:27:27","modified_gmt":"2023-08-17T01:27:27","slug":"macri-trato-de-salame-a-santiago-maldonado-y-el-hermano-del-artesano-replico-al-expresidente","status":"publish","type":"post","link":"https:\/\/radiolarioja.com.ar\/rlr\/macri-trato-de-salame-a-santiago-maldonado-y-el-hermano-del-artesano-replico-al-expresidente\/","title":{"rendered":"Macri trat\u00f3 de \u00absalame\u00bb a Santiago Maldonado, y el hermano del artesano replic\u00f3 al expresidente"},"content":{"rendered":"\n<p>Sergio Maldonado le respondi\u00f3 hoy al expresidente Mauricio Macri que su hermano, el artesano Santiago Maldonado, \u00abno fue ning\u00fan salame\u00bb luego de que el l\u00edder del PRO dijera que los r\u00edos de la Patagonia no son \u00abpara que cualquier salame distra\u00eddo\u00bb quiera cruzarlos.<\/p>\n\n\n\n<p>\u00abSantiago Maldonado no fue ning\u00fan salame, lo desapareci\u00f3 durante 78 d\u00edas la Gendarmer\u00eda de (la exministra de Seguridad Patricia) Bullrich\u00bb, replic\u00f3 en Twitter Sergio Maldonado.<\/p>\n\n\n\n<p>El hermano mayor del artesano desaparecido el 1 de agosto de 2017 luego de una represi\u00f3n de Gendarmer\u00eda en Chubut y despu\u00e9s hallado muerto en un r\u00edo de esa provincia, arremeti\u00f3 contra Macri: \u00abLo incre\u00edble es que un salame e in\u00fatil como vos haya sido presidente de Argentina\u00bb.<\/p>\n\n\n\n<p>El expresidente visit\u00f3 hoy Montevideo para presentar su libro \u00abPara Qu\u00e9\u00bb en el Centro de Estudio para el Desarrollo (CED) y all\u00ed manifest\u00f3 que \u00abla conducci\u00f3n de lo p\u00fablico requiere de ese tipo de coraje, de decir que no\u00bb.<\/p>\n\n\n\n<p>Como ejemplo, puso la desaparici\u00f3n de Santiago Maldonado ocurrida durante la gesti\u00f3n de Bullrich en el Ministerio de Seguridad: \u00abComo nos pas\u00f3 con Patricia, con lo de Maldonado, una locura\u00bb.<\/p>\n\n\n\n<p>\u00abDe golpe pasa esto, ese artesano desaparece y la primera hip\u00f3tesis fue de entrada, se puede haber ahogado\u00bb, continu\u00f3 su explicaci\u00f3n, y se\u00f1al\u00f3 que \u00ablos r\u00edos de la Patagonia, son bravos, no es para cualquier salame distra\u00eddo cruzar un r\u00edo por m\u00e1s que tenga diez metros de ancho\u00bb.<\/p>\n\n\n\n<p>El exmandatario consider\u00f3 que en ese caso hubo \u00abtoda esta red del mal y de la destrucci\u00f3n\u00bb que, dijo \u00abempez\u00f3 que la Gendarmer\u00eda lo hab\u00eda hecho desaparecer\u00bb.<\/p>\n\n\n\n<p>Las declaraciones de Macri se dan en el d\u00eda que la familia Maldonado apel\u00f3 ante la C\u00e1mara Federal de Comodoro Rivadavia la sentencia del juez federal de Rawson, Gustavo Lleral, quien sobresey\u00f3 el pasado 11 de agosto a todos los gendarmes que eran investigados en la causa por la desaparici\u00f3n y muerte del artesano bonaerense.<\/p>\n\n\n\n<figure class=\"wp-block-image size-full\"><img decoding=\"async\" src=\"https:\/\/radiolarioja.com.ar\/rlr\/wp-content\/uploads\/2023\/08\/937x553_636724_20230816213431.jpg\" alt=\"\" class=\"wp-image-15596\"\/><\/figure>\n","protected":false},"excerpt":{"rendered":"<p>Sergio Maldonado le respondi\u00f3 hoy al expresidente Mauricio Macri que su hermano, el artesano Santiago Maldonado, \u00abno fue<\/p>\n","protected":false},"author":2,"featured_media":15596,"comment_status":"open","ping_status":"open","sticky":false,"template":"","format":"standard","meta":{"footnotes":""},"categories":[15],"tags":[],"class_list":["post-15593","post","type-post","status-publish","format-standard","has-post-thumbnail","hentry","category-nacional"],"featured_image_urls":{"full":"","thumbnail":"","medium":"","medium_large":"","large":"","1536x1536":"","2048x2048":"","morenews-large":"","morenews-medium":""},"author_info":{"info":["RadioLaRioja"]},"category_info":"<a href=\"https:\/\/radiolarioja.com.ar\/rlr\/category\/nacional\/\" rel=\"category tag\">Nacional<\/a>","tag_info":"Nacional","comment_count":"0","_links":{"self":[{"href":"https:\/\/radiolarioja.com.ar\/rlr\/wp-json\/wp\/v2\/posts\/15593","targetHints":{"allow":["GET"]}}],"collection":[{"href":"https:\/\/radiolarioja.com.ar\/rlr\/wp-json\/wp\/v2\/posts"}],"about":[{"href":"https:\/\/radiolarioja.com.ar\/rlr\/wp-json\/wp\/v2\/types\/post"}],"author":[{"embeddable":true,"href":"https:\/\/radiolarioja.com.ar\/rlr\/wp-json\/wp\/v2\/users\/2"}],"replies":[{"embeddable":true,"href":"https:\/\/radiolarioja.com.ar\/rlr\/wp-json\/wp\/v2\/comments?post=15593"}],"version-history":[{"count":0,"href":"https:\/\/radiolarioja.com.ar\/rlr\/wp-json\/wp\/v2\/posts\/15593\/revisions"}],"wp:featuredmedia":[{"embeddable":true,"href":"https:\/\/radiolarioja.com.ar\/rlr\/wp-json\/"}],"wp:attachment":[{"href":"https:\/\/radiolarioja.com.ar\/rlr\/wp-json\/wp\/v2\/media?parent=15593"}],"wp:term":[{"taxonomy":"category","embeddable":true,"href":"https:\/\/radiolarioja.com.ar\/rlr\/wp-json\/wp\/v2\/categories?post=15593"},{"taxonomy":"post_tag","embeddable":true,"href":"https:\/\/radiolarioja.com.ar\/rlr\/wp-json\/wp\/v2\/tags?post=15593"}],"curies":[{"name":"wp","href":"https:\/\/api.w.org\/{rel}","templated":true}]}}