{"id":15589,"date":"2023-08-16T22:16:07","date_gmt":"2023-08-17T01:16:07","guid":{"rendered":"https:\/\/radiolarioja.com.ar\/rlr\/?p=15589"},"modified":"2023-08-16T22:16:07","modified_gmt":"2023-08-17T01:16:07","slug":"bauer-encabezo-un-acto-de-apoyo-a-la-ley-nacional-de-danza-con-las-co-autoras-del-proyecto","status":"publish","type":"post","link":"https:\/\/radiolarioja.com.ar\/rlr\/bauer-encabezo-un-acto-de-apoyo-a-la-ley-nacional-de-danza-con-las-co-autoras-del-proyecto\/","title":{"rendered":"Bauer encabez\u00f3 un acto de apoyo a la Ley Nacional de Danza con las co-autoras del proyecto"},"content":{"rendered":"\n<p>El ministro de Cultura de la Naci\u00f3n, Trist\u00e1n Bauer, encabez\u00f3 esta tarde en el Centro Cultural Kirchner un \u201cacto de apoyo a la Ley Nacional de Danza\u201d junto a las legisladoras Marisa Uceda, L\u00eda Caliva y Romina del Pl\u00e1, co-autoras de dos proyectos presentados en noviembre pasado que proponen la creaci\u00f3n de un Instituto Nacional para la actividad, tal como cuentan otras industrias culturales como la m\u00fasica, el teatro y el cine.<\/p>\n\n\n\n<p>Por fuera de la segunda edici\u00f3n del Festival de Danza en Tecn\u00f3polis, que se realizar\u00e1 desde ma\u00f1ana hasta el 27 de agosto, se realiz\u00f3 esta convocatoria en la Sala Argentina del CCK con la presencia de otras autoridades ministeriales y representantes del sector como trabajadores y autoridades de escuelas y universidades de danza con el objetivo de lograr una sanci\u00f3n antes de diciembre.<\/p>\n\n\n\n<p>Durante su alocuci\u00f3n, el ministro habl\u00f3 de la importancia de alcanzar \u00abun consenso\u00bb entre los dos proyectos y vaticin\u00f3 que se est\u00e1 \u00abmuy cerca de conseguirlo\u00bb, y agreg\u00f3: \u00abHoy es un d\u00eda hist\u00f3rico para la cultura argentina. Las luchas se dan, son procesos hist\u00f3ricos. Esta lucha se inici\u00f3 hace quince a\u00f1os y hoy, desde esta sede del ministerio, adquiere un volumen que no va a parar hasta ser transformado en una ley nacional\u00bb.<\/p>\n\n\n\n<p>Con un discurso que dej\u00f3 tambi\u00e9n definiciones sobre el escenario electoral, el ministro record\u00f3 que hace apenas un a\u00f1o atr\u00e1s se le puso fin \u00aba una ley del macrismo que le quitaba el financiamiento al desarrollo y la producci\u00f3n de nuestras artes\u00bb que dejaba sin fondos al \u00abcine, la m\u00fasica, el teatro y las bibliotecas populares\u00bb.<\/p>\n\n\n\n<p>\u00ab\u00bfQu\u00e9 hicimos? Nos unimos, trabajamos con inteligencia y en la unidad logramos dejar atr\u00e1s ese oprobio y sancionar una ley que le dio cincuenta a\u00f1os m\u00e1s de vigencia a esa financiaci\u00f3n\u00bb, a\u00f1adi\u00f3, al evocar que de aquellos debates parlamentarios surgi\u00f3 tambi\u00e9n la necesidad de una Ley Nacional de Danza.<\/p>\n\n\n\n<p>Bauer a\u00f1adi\u00f3 que \u00ablos pueblos avanzan mirando al frente y al futuro, pero teniendo en cuenta su historia y memoria\u00bb y cuestion\u00f3 a quienes esgrimen \u00abdiscursos negacionistas\u00bb: \u00abSon los que quieren demoler las estructuras p\u00fablicas y nuestras universidades\u00bb.<\/p>\n\n\n\n<p>\u00abAyer lo ve\u00eda a (Javier) Milei con un cuadro. \u2018Ministerio de Educaci\u00f3n\u2019, lo cierro. \u201cMinisterio de salud\u201d, lo cierro. \u201cMinisterio de Ciencia y Tecnolog\u00eda\u201d, lo cierro. Y se detiene en el Ministerio de Cultura y, sin embargo, no dice lo cierro, dice &#8216;desaparecen&#8217;. Y ah\u00ed est\u00e1n las palabras\u00bb, sostuvo, al tiempo que pidi\u00f3 redoblar esfuerzos tanto para \u00abdefender los derechos de los artistas\u00bb como para crear el Instituto Nacional de Danza.<\/p>\n\n\n\n<p>Por su parte, Romina Del Pl\u00e1, representante del Frente de Izquierda y los Trabajadores, se\u00f1al\u00f3 que a \u00abnadie se le debe escapar\u00bb su presencia en el auditorio siendo ella parte de una fuerza opositora al Gobierno y a\u00f1adi\u00f3 que su compromiso es con \u00abesta lucha de quince a\u00f1os\u00bb: \u00abLa danza es trabajo y debe ser protegido, regulado y respetado, y no puede haber m\u00e1s trabajo precario, que es la regla general de la actividad\u00bb.<\/p>\n\n\n\n<p>\u00abEntendemos tambi\u00e9n que para que haya una ley el momento es ahora y no se pueden bajar para nada los brazos\u00bb, a\u00f1adi\u00f3 la diputada nacional por el Frente de Izquierda y los Trabajadores, trazando un paralelo tambi\u00e9n con otras luchas como las de la Ley de Interrupci\u00f3n Voluntaria del Embarazo.<\/p>\n\n\n\n<p>\u00abDespu\u00e9s de este resultado electoral del domingo -se\u00f1al\u00f3-, m\u00e1s que nunca hay que redoblar los esfuerzos y profundizar a\u00fan m\u00e1s el proceso de organizaci\u00f3n y movilizaci\u00f3n para que el Congreso no pueda hacerse el distra\u00eddo y tenga que aprobarlo r\u00e1pidamente\u00bb.<\/p>\n\n\n\n<p>Al reflexionar sobre la necesidad de llegar al Congreso con un proyecto unificado, se\u00f1al\u00f3 que hay \u00abvoluntad\u00bb de su fuerza para que \u00abocurra\u00bb, aunque pidi\u00f3 que la creaci\u00f3n del Instituto est\u00e9 acompa\u00f1ada por una asignaci\u00f3n presupuestaria y por un registro nacional de la comunidad de la danza para que puedan elegir a sus autoridades \u00abpara que en ning\u00fan caso quede este instituto a merced de ninguna de las situaciones que puedan ocurrir en el pa\u00eds\u00bb.<\/p>\n\n\n\n<p>En tanto, L\u00eda Caliva, diputada nacional del Frente de Todos por la provincia de Salta, se\u00f1al\u00f3 que el Estado tiene \u00abuna deuda pendiente\u00bb con la danza que merece ser saldada con esta \u00abampliaci\u00f3n de derechos\u00bb y evoc\u00f3 el camino que \u00abmujeres y disidencias\u00bb hicieron \u00abcon lucha, unidad y fuerza\u00bb para alcanzar la sanci\u00f3n de leyes de protecci\u00f3n integral que buscan prevenir, sancionar y erradicar la violencia.<\/p>\n\n\n\n<p>\u00abCon esta ley, con este instituto, con el fomento a la danza, vamos a lograr que nuestros j\u00f3venes se vayan pero siendo los mejores talentos que forma la Argentina para ir a actuar en los mejores escenarios del mundo pero despu\u00e9s volver al pa\u00eds\u00bb, concluy\u00f3.<\/p>\n\n\n\n<p>Marisa Uceda, tambi\u00e9n diputada del oficialismo, destac\u00f3 que la iniciativa para la danza argentina cuenta hasta ahora con el apoyo de m\u00e1s de treinta diputados nacionales de todo el pa\u00eds y se\u00f1al\u00f3 que \u00abno hay arte m\u00e1s federal que la danza\u00bb porque \u00abes un lugar de expresi\u00f3n de nuestras tradiciones\u00bb<\/p>\n\n\n\n<p>\u201cMe gusta hablar de la danza como una industria cultural y hablar del arte como generador de puestos de trabajo y riqueza. La industria cultural de este pa\u00eds supo competir con las automotrices. Nosotros sabemos lo que genera la cultura como fuente de ingreso y riqueza\u00bb, defini\u00f3 durante su exposici\u00f3n.<\/p>\n\n\n\n<p>En ese sentido, tambi\u00e9n razon\u00f3 que hay quienes \u00abnos quieren dinamitar la autoestima\u00bb con sus discursos en tiempos de contienda electoral, pero que \u00abno los vamos a dejar\u00bb: \u00abEste pueblo sabe de luchas y tambi\u00e9n sabe de victorias. Esta ley va a ser una victoria\u00bb, a\u00f1adi\u00f3.<\/p>\n\n\n\n<p>\u00abLa danza tiene que ver con la expresi\u00f3n y por qu\u00e9 no con el goce de nuestros cuerpos. Y mujeres y diversidades sabemos que este es un momento en donde si quieren nuestros cuerpos ser\u00e1n trincheras, pero nunca m\u00e1s espacio de dominio de ning\u00fan discurso ni de odio ni autoritario. Nunca m\u00e1s. No vamos a ceder ni un cent\u00edmetro nuestra lucha\u00bb, sentenci\u00f3.<\/p>\n\n\n\n<p>El proyecto, adem\u00e1s de considerarla un objeto de promoci\u00f3n, est\u00edmulo, preservaci\u00f3n y apoyo por parte del Estado Nacional, establece la creaci\u00f3n de un Instituto Nacional de la Danza como organismo aut\u00e1rquico dependiente del Ministerio de Cultura de la Naci\u00f3n que regule la actividad.<\/p>\n\n\n\n<figure class=\"wp-block-image size-large\"><img decoding=\"async\" src=\"https:\/\/radiolarioja.com.ar\/rlr\/wp-content\/uploads\/2023\/08\/ley-nacional-de-danza-1-1536x1152-1-1024x768.jpg\" alt=\"\" class=\"wp-image-15591\"\/><\/figure>\n","protected":false},"excerpt":{"rendered":"<p>El ministro de Cultura de la Naci\u00f3n, Trist\u00e1n Bauer, encabez\u00f3 esta tarde en el Centro Cultural Kirchner un<\/p>\n","protected":false},"author":2,"featured_media":15591,"comment_status":"open","ping_status":"open","sticky":false,"template":"","format":"standard","meta":{"footnotes":""},"categories":[15],"tags":[],"class_list":["post-15589","post","type-post","status-publish","format-standard","has-post-thumbnail","hentry","category-nacional"],"featured_image_urls":{"full":"","thumbnail":"","medium":"","medium_large":"","large":"","1536x1536":"","2048x2048":"","morenews-large":"","morenews-medium":""},"author_info":{"info":["RadioLaRioja"]},"category_info":"<a href=\"https:\/\/radiolarioja.com.ar\/rlr\/category\/nacional\/\" rel=\"category tag\">Nacional<\/a>","tag_info":"Nacional","comment_count":"0","_links":{"self":[{"href":"https:\/\/radiolarioja.com.ar\/rlr\/wp-json\/wp\/v2\/posts\/15589","targetHints":{"allow":["GET"]}}],"collection":[{"href":"https:\/\/radiolarioja.com.ar\/rlr\/wp-json\/wp\/v2\/posts"}],"about":[{"href":"https:\/\/radiolarioja.com.ar\/rlr\/wp-json\/wp\/v2\/types\/post"}],"author":[{"embeddable":true,"href":"https:\/\/radiolarioja.com.ar\/rlr\/wp-json\/wp\/v2\/users\/2"}],"replies":[{"embeddable":true,"href":"https:\/\/radiolarioja.com.ar\/rlr\/wp-json\/wp\/v2\/comments?post=15589"}],"version-history":[{"count":0,"href":"https:\/\/radiolarioja.com.ar\/rlr\/wp-json\/wp\/v2\/posts\/15589\/revisions"}],"wp:featuredmedia":[{"embeddable":true,"href":"https:\/\/radiolarioja.com.ar\/rlr\/wp-json\/"}],"wp:attachment":[{"href":"https:\/\/radiolarioja.com.ar\/rlr\/wp-json\/wp\/v2\/media?parent=15589"}],"wp:term":[{"taxonomy":"category","embeddable":true,"href":"https:\/\/radiolarioja.com.ar\/rlr\/wp-json\/wp\/v2\/categories?post=15589"},{"taxonomy":"post_tag","embeddable":true,"href":"https:\/\/radiolarioja.com.ar\/rlr\/wp-json\/wp\/v2\/tags?post=15589"}],"curies":[{"name":"wp","href":"https:\/\/api.w.org\/{rel}","templated":true}]}}