{"id":15582,"date":"2023-08-16T22:06:14","date_gmt":"2023-08-17T01:06:14","guid":{"rendered":"https:\/\/radiolarioja.com.ar\/rlr\/?p=15582"},"modified":"2023-08-16T22:06:14","modified_gmt":"2023-08-17T01:06:14","slug":"condenan-a-8-anos-y-medio-de-prision-a-un-hombre-por-abusar-de-su-hija-en-santa-fe","status":"publish","type":"post","link":"https:\/\/radiolarioja.com.ar\/rlr\/condenan-a-8-anos-y-medio-de-prision-a-un-hombre-por-abusar-de-su-hija-en-santa-fe\/","title":{"rendered":"Condenan a 8 a\u00f1os y medio de prisi\u00f3n a un hombre por abusar de su hija en Santa F\u00e9"},"content":{"rendered":"\n<p>Un hombre de 51 a\u00f1os fue condenado hoy a ocho a\u00f1os y medio de prisi\u00f3n tras ser hallado culpable del abuso sexual de su hija menor de edad en la ciudad santafesina de Firmat y la Fiscal\u00eda anunci\u00f3 que apelar\u00e1 la condena por considerarla insuficiente, informaron voceros judiciales.<\/p>\n\n\n\n<p>Se trata de un hombre identificado con las iniciales M.J.P.A, a quien un tribunal de la ciudad de Melincu\u00e9, integrado por los jueces Paula Borrello, Lorena Garini y Benjam\u00edn R\u00e9vori, conden\u00f3 por unanimidad por el delito de abuso sexual gravemente ultrajante agravado por el v\u00ednculo en perjuicio de su hija menor de edad.<\/p>\n\n\n\n<p>El imputado fue absuelto por la autor\u00eda de abuso sexual simple agravado por el v\u00ednculo en perjuicio de su otra hija, tambi\u00e9n menor de edad.<\/p>\n\n\n\n<p>La fiscal Susana Pepino, del Ministerio P\u00fablico de la Acusaci\u00f3n, indic\u00f3 que la calificaci\u00f3n penal que le atribuy\u00f3 al acusado \u00abera otra\u00bb y que hab\u00eda solicitado una pena de 16 a\u00f1os de prisi\u00f3n.<\/p>\n\n\n\n<p>\u00abTambi\u00e9n acusamos al condenado por otro hecho il\u00edcito en perjuicio de su otra hija\u201d, advirti\u00f3 Pepino, quien adelant\u00f3 que analizar\u00e1 en detalle los fundamentos del fallo y apelar\u00e1 lo resuelto en primera instancia.<\/p>\n\n\n\n<p>La fiscal dijo que \u00aben el juicio qued\u00f3 probado que el condenado abus\u00f3 sexualmente de la ni\u00f1a en las primeras horas del domingo 22 de agosto de 2021\u201d, y que \u00abel il\u00edcito fue cometido en la casa a la que se hab\u00eda mudado el hombre, luego de divorciarse de su esposa y madre de las dos ni\u00f1as que tienen en com\u00fan\u201d.<\/p>\n\n\n\n<p>La investigaci\u00f3n se inici\u00f3 de oficio por el MPA a ra\u00edz de una denuncia an\u00f3nima que lleg\u00f3 en un sobre un mes despu\u00e9s al Centro Territorial de Denuncias de Firmat.<\/p>\n\n\n\n<p>\u201cEn el interior del sobre hab\u00eda una hoja escrita en computadora en la que se brindaban detalles de lo sufrido por la ni\u00f1a, los cuales fueron ratificados por la madre de la v\u00edctima\u201d, precis\u00f3 la fiscal.<\/p>\n\n\n\n<p>Pepino a\u00f1adi\u00f3 que el escrito indicaba que el denunciante esperaba que \u00abhacer esta denuncia an\u00f3nima sea el comienzo para proteger y garantizar los derechos y acompa\u00f1amientos necesarios, que sin lugar a dudas, hoy est\u00e1 necesitando la nena\u201d.<\/p>\n\n\n\n<p>El MPA aclar\u00f3 que la identidad del hombre condenado se preserva para evitar la revictimizaci\u00f3n de sus hijas, quienes tienen el mismo apellido.<\/p>\n\n\n\n<figure class=\"wp-block-image size-full\"><img decoding=\"async\" src=\"https:\/\/radiolarioja.com.ar\/rlr\/wp-content\/uploads\/2023\/08\/937x553_624392_20230311001055.jpg\" alt=\"\" class=\"wp-image-15583\"\/><\/figure>\n","protected":false},"excerpt":{"rendered":"<p>Un hombre de 51 a\u00f1os fue condenado hoy a ocho a\u00f1os y medio de prisi\u00f3n tras ser hallado<\/p>\n","protected":false},"author":2,"featured_media":15583,"comment_status":"open","ping_status":"open","sticky":false,"template":"","format":"standard","meta":{"footnotes":""},"categories":[15],"tags":[],"class_list":["post-15582","post","type-post","status-publish","format-standard","has-post-thumbnail","hentry","category-nacional"],"featured_image_urls":{"full":"","thumbnail":"","medium":"","medium_large":"","large":"","1536x1536":"","2048x2048":"","morenews-large":"","morenews-medium":""},"author_info":{"info":["RadioLaRioja"]},"category_info":"<a href=\"https:\/\/radiolarioja.com.ar\/rlr\/category\/nacional\/\" rel=\"category tag\">Nacional<\/a>","tag_info":"Nacional","comment_count":"0","_links":{"self":[{"href":"https:\/\/radiolarioja.com.ar\/rlr\/wp-json\/wp\/v2\/posts\/15582","targetHints":{"allow":["GET"]}}],"collection":[{"href":"https:\/\/radiolarioja.com.ar\/rlr\/wp-json\/wp\/v2\/posts"}],"about":[{"href":"https:\/\/radiolarioja.com.ar\/rlr\/wp-json\/wp\/v2\/types\/post"}],"author":[{"embeddable":true,"href":"https:\/\/radiolarioja.com.ar\/rlr\/wp-json\/wp\/v2\/users\/2"}],"replies":[{"embeddable":true,"href":"https:\/\/radiolarioja.com.ar\/rlr\/wp-json\/wp\/v2\/comments?post=15582"}],"version-history":[{"count":0,"href":"https:\/\/radiolarioja.com.ar\/rlr\/wp-json\/wp\/v2\/posts\/15582\/revisions"}],"wp:featuredmedia":[{"embeddable":true,"href":"https:\/\/radiolarioja.com.ar\/rlr\/wp-json\/"}],"wp:attachment":[{"href":"https:\/\/radiolarioja.com.ar\/rlr\/wp-json\/wp\/v2\/media?parent=15582"}],"wp:term":[{"taxonomy":"category","embeddable":true,"href":"https:\/\/radiolarioja.com.ar\/rlr\/wp-json\/wp\/v2\/categories?post=15582"},{"taxonomy":"post_tag","embeddable":true,"href":"https:\/\/radiolarioja.com.ar\/rlr\/wp-json\/wp\/v2\/tags?post=15582"}],"curies":[{"name":"wp","href":"https:\/\/api.w.org\/{rel}","templated":true}]}}