{"id":15567,"date":"2023-08-16T11:37:32","date_gmt":"2023-08-16T14:37:32","guid":{"rendered":"https:\/\/radiolarioja.com.ar\/rlr\/?p=15567"},"modified":"2023-08-16T11:37:32","modified_gmt":"2023-08-16T14:37:32","slug":"el-17-de-agosto-entrega-de-los-premios-angelelli-2023","status":"publish","type":"post","link":"https:\/\/radiolarioja.com.ar\/rlr\/el-17-de-agosto-entrega-de-los-premios-angelelli-2023\/","title":{"rendered":"El 17 de agosto entrega de los premios Angelelli 2023"},"content":{"rendered":"\n<p>La Secretar\u00eda de DD.HH del Gobierno de La Rioja y Nueva Tierra invitan a la entrega de los \u00abPremios Angelelli\u00bb en el marco de los 40 a\u00f1os de democracia.<\/p>\n\n\n\n<p>Este reconocimiento busca rendir homenaje y destacar a quienes se han entregado con admirable dedicaci\u00f3n a la noble tarea de forjar la memoria, la verdad y la justicia en nombre de nuestros compa\u00f1eros que padecieron como v\u00edctimas del terrorismo de estado. <\/p>\n\n\n\n<p> La entrega de los premios se realizar\u00e1 el Jueves 17 de Agosto a las 18hs en la Casa de la Provincia de La Rioja (Avenida Callao 745, Capital Federal)<\/p>\n\n\n\n<p>Los premiados ser\u00e1n: Adolfo Perez Esquivel, Estela de Carlotto, Victoria Montenegro, Paco Olveira, Leon Gieco, Lola Llorente, Rub\u00e9n Dri, Comunidad de la Parroquia Santa Cruz, Familia Mignone, Hermanas Azules, Hermanas de la Asunci\u00f3n, Hermanas del Divino Maestro, Di\u00f3cesis de Quilmes, Familiares y Compa\u00f1eros de los 12 de la Santa Cruz.<\/p>\n\n\n\n<p>#lapatriaalhombro #premiosangelelli7<\/p>\n\n\n\n<figure class=\"wp-block-image size-large\"><img decoding=\"async\" src=\"https:\/\/radiolarioja.com.ar\/rlr\/wp-content\/uploads\/2023\/08\/Premios-Angelelli-2023-1030x1030-1-1024x1024.jpg\" alt=\"\" class=\"wp-image-15569\"\/><\/figure>\n","protected":false},"excerpt":{"rendered":"<p>La Secretar\u00eda de DD.HH del Gobierno de La Rioja y Nueva Tierra invitan a la entrega de los<\/p>\n","protected":false},"author":2,"featured_media":15569,"comment_status":"open","ping_status":"open","sticky":false,"template":"","format":"standard","meta":{"footnotes":""},"categories":[12],"tags":[],"class_list":["post-15567","post","type-post","status-publish","format-standard","has-post-thumbnail","hentry","category-local"],"featured_image_urls":{"full":"","thumbnail":"","medium":"","medium_large":"","large":"","1536x1536":"","2048x2048":"","morenews-large":"","morenews-medium":""},"author_info":{"info":["RadioLaRioja"]},"category_info":"<a href=\"https:\/\/radiolarioja.com.ar\/rlr\/category\/local\/\" rel=\"category tag\">Local<\/a>","tag_info":"Local","comment_count":"0","_links":{"self":[{"href":"https:\/\/radiolarioja.com.ar\/rlr\/wp-json\/wp\/v2\/posts\/15567","targetHints":{"allow":["GET"]}}],"collection":[{"href":"https:\/\/radiolarioja.com.ar\/rlr\/wp-json\/wp\/v2\/posts"}],"about":[{"href":"https:\/\/radiolarioja.com.ar\/rlr\/wp-json\/wp\/v2\/types\/post"}],"author":[{"embeddable":true,"href":"https:\/\/radiolarioja.com.ar\/rlr\/wp-json\/wp\/v2\/users\/2"}],"replies":[{"embeddable":true,"href":"https:\/\/radiolarioja.com.ar\/rlr\/wp-json\/wp\/v2\/comments?post=15567"}],"version-history":[{"count":0,"href":"https:\/\/radiolarioja.com.ar\/rlr\/wp-json\/wp\/v2\/posts\/15567\/revisions"}],"wp:featuredmedia":[{"embeddable":true,"href":"https:\/\/radiolarioja.com.ar\/rlr\/wp-json\/"}],"wp:attachment":[{"href":"https:\/\/radiolarioja.com.ar\/rlr\/wp-json\/wp\/v2\/media?parent=15567"}],"wp:term":[{"taxonomy":"category","embeddable":true,"href":"https:\/\/radiolarioja.com.ar\/rlr\/wp-json\/wp\/v2\/categories?post=15567"},{"taxonomy":"post_tag","embeddable":true,"href":"https:\/\/radiolarioja.com.ar\/rlr\/wp-json\/wp\/v2\/tags?post=15567"}],"curies":[{"name":"wp","href":"https:\/\/api.w.org\/{rel}","templated":true}]}}