{"id":15560,"date":"2023-08-16T11:13:44","date_gmt":"2023-08-16T14:13:44","guid":{"rendered":"https:\/\/radiolarioja.com.ar\/rlr\/?p=15560"},"modified":"2023-08-16T11:13:44","modified_gmt":"2023-08-16T14:13:44","slug":"gobierno-aleman-aprueba-plan-para-legalizar-el-consumo-recreativo-de-cannabis","status":"publish","type":"post","link":"https:\/\/radiolarioja.com.ar\/rlr\/gobierno-aleman-aprueba-plan-para-legalizar-el-consumo-recreativo-de-cannabis\/","title":{"rendered":"Gobierno alem\u00e1n aprueba plan para legalizar el consumo recreativo de cannabis"},"content":{"rendered":"\n<p>El Gobierno alem\u00e1n aprob\u00f3 hoy legalizar el consumo recreativo de cannabis, una medida con la que el pa\u00eds europeo se coloca a la vanguardia en el continente junto a un par m\u00e1s de miembros de la Uni\u00f3n Europea (UE).<\/p>\n\n\n\n<p>Seg\u00fan el plan, que ahora tiene que ser debatido y sancionado por el Parlamento federal, ser\u00e1 posible a partir de 18 a\u00f1os comprar y poseer hasta 25 gramos de cannabis, inform\u00f3 la agencia de noticias AFP.<\/p>\n\n\n\n<p>El Ejecutivo encabezado por el jefe de Gobierno, el canciller socialdem\u00f3crata Olaf Scholz, en coalici\u00f3n con Verdes y el liberal Partido Democr\u00e1tico Libre (FPD) hizo de esta medida uno de sus proyectos clave, aunque la propuesta inicial iba mucho m\u00e1s lejos.<\/p>\n\n\n\n<p>Los planes son criticados por la oposici\u00f3n, sindicatos de polic\u00eda y del poder judicial, que consideran que la legalizaci\u00f3n del consumo recreativo no pondr\u00e1 fin al narcotr\u00e1fico, como esperan sus impulsores.<\/p>\n\n\n\n<p>El proyecto, que tambi\u00e9n prev\u00e9 una campa\u00f1a de prevenci\u00f3n para los j\u00f3venes, establece la posibilidad de cultivar hasta tres plantas de cannabis para consumo propio as\u00ed como la creaci\u00f3n de asociaciones no lucrativas cuyos miembros -como m\u00e1ximo 500 en cada grupo- podr\u00e1n cultivar la planta para su consumo, bajo la vigilancia de poderes p\u00fablicos.<\/p>\n\n\n\n<p>Estos llamados \u00abclubes sociales de cannabis\u00bb tendr\u00e1n una actividad reglamentada: podr\u00e1n suministrar hasta 25 gramos por d\u00eda, y un m\u00e1ximo de 50 gramos al mes. Para los j\u00f3venes entre 18 y 21 a\u00f1os, ser\u00e1 un poco menos: 30 gramos al mes.<\/p>\n\n\n\n<p>El consumo deber\u00e1 hacerse en el exterior de estos clubes y estar\u00e1 prohibido hacerlo a menos de 200 metros de estas asociaciones, o cerca de escuelas, zonas de juego y terrenos deportivos.<\/p>\n\n\n\n<p>Malta y Luxemburgo, otros dos pa\u00edses de la UE, aprobaron leyes similares en 2021 y 2023, respectivamente.<\/p>\n\n\n\n<figure class=\"wp-block-image size-full is-resized\"><img fetchpriority=\"high\" decoding=\"async\" src=\"https:\/\/radiolarioja.com.ar\/rlr\/wp-content\/uploads\/2023\/08\/cannabis-fumar-uso-recreativo.jpg\" alt=\"\" class=\"wp-image-15562\" style=\"width:950px;height:633px\" width=\"950\" height=\"633\"\/><\/figure>\n","protected":false},"excerpt":{"rendered":"<p>El Gobierno alem\u00e1n aprob\u00f3 hoy legalizar el consumo recreativo de cannabis, una medida con la que el pa\u00eds<\/p>\n","protected":false},"author":2,"featured_media":15562,"comment_status":"open","ping_status":"open","sticky":false,"template":"","format":"standard","meta":{"footnotes":""},"categories":[11],"tags":[],"class_list":["post-15560","post","type-post","status-publish","format-standard","has-post-thumbnail","hentry","category-internacional"],"featured_image_urls":{"full":"","thumbnail":"","medium":"","medium_large":"","large":"","1536x1536":"","2048x2048":"","morenews-large":"","morenews-medium":""},"author_info":{"info":["RadioLaRioja"]},"category_info":"<a href=\"https:\/\/radiolarioja.com.ar\/rlr\/category\/internacional\/\" rel=\"category tag\">Internacional<\/a>","tag_info":"Internacional","comment_count":"0","_links":{"self":[{"href":"https:\/\/radiolarioja.com.ar\/rlr\/wp-json\/wp\/v2\/posts\/15560","targetHints":{"allow":["GET"]}}],"collection":[{"href":"https:\/\/radiolarioja.com.ar\/rlr\/wp-json\/wp\/v2\/posts"}],"about":[{"href":"https:\/\/radiolarioja.com.ar\/rlr\/wp-json\/wp\/v2\/types\/post"}],"author":[{"embeddable":true,"href":"https:\/\/radiolarioja.com.ar\/rlr\/wp-json\/wp\/v2\/users\/2"}],"replies":[{"embeddable":true,"href":"https:\/\/radiolarioja.com.ar\/rlr\/wp-json\/wp\/v2\/comments?post=15560"}],"version-history":[{"count":0,"href":"https:\/\/radiolarioja.com.ar\/rlr\/wp-json\/wp\/v2\/posts\/15560\/revisions"}],"wp:featuredmedia":[{"embeddable":true,"href":"https:\/\/radiolarioja.com.ar\/rlr\/wp-json\/"}],"wp:attachment":[{"href":"https:\/\/radiolarioja.com.ar\/rlr\/wp-json\/wp\/v2\/media?parent=15560"}],"wp:term":[{"taxonomy":"category","embeddable":true,"href":"https:\/\/radiolarioja.com.ar\/rlr\/wp-json\/wp\/v2\/categories?post=15560"},{"taxonomy":"post_tag","embeddable":true,"href":"https:\/\/radiolarioja.com.ar\/rlr\/wp-json\/wp\/v2\/tags?post=15560"}],"curies":[{"name":"wp","href":"https:\/\/api.w.org\/{rel}","templated":true}]}}