{"id":15552,"date":"2023-08-16T08:31:35","date_gmt":"2023-08-16T11:31:35","guid":{"rendered":"https:\/\/radiolarioja.com.ar\/rlr\/?p=15552"},"modified":"2023-08-16T08:31:35","modified_gmt":"2023-08-16T11:31:35","slug":"incorporan-incidencia-del-costo-del-maiz-en-el-programa-de-compensaciones-a-productores-de-porcinos","status":"publish","type":"post","link":"https:\/\/radiolarioja.com.ar\/rlr\/incorporan-incidencia-del-costo-del-maiz-en-el-programa-de-compensaciones-a-productores-de-porcinos\/","title":{"rendered":"Incorporan incidencia del costo del ma\u00edz en el programa de compensaciones a productores de porcinos"},"content":{"rendered":"\n<p>El Ministerio de Econom\u00eda readecu\u00f3 el programa de compensaciones para los productores de porcinos, al cual incorpor\u00f3 la incidencia del costo del ma\u00edz debido al tipo de cambio diferencial que se estableci\u00f3 desde el 24 de julio \u00faltimo, a trav\u00e9s de la Resoluci\u00f3n 1147\/2023 publicada hoy en el Bolet\u00edn Oficial.<\/p>\n\n\n\n<p>La misma precis\u00f3 que \u201cresulta necesario adecuar los par\u00e1metros establecidos en el Programa Fortalecimiento Productivo Argentino Sector Porcino que contempl\u00f3 solamente la incidencia del costo de la soja, e incluir entre los componentes de determinaci\u00f3n del beneficio aquellos vinculados con la incidencia del costo del ma\u00edz en la alimentaci\u00f3n de estos animales\u201d.<\/p>\n\n\n\n<p>Para ello, indic\u00f3 que \u201cuna vez establecida la base de toneladas de ma\u00edz computables se determinar\u00e1 el beneficio a raz\u00f3n de $ 10.000 por cada tonelada requerida\u201d para la alimentaci\u00f3n de los animales.<\/p>\n\n\n\n<p>La normativa aclar\u00f3 que se mantiene la asignaci\u00f3n de una subvenci\u00f3n basada en la relaci\u00f3n entre el consumo de soja para alimentaci\u00f3n y el volumen de producci\u00f3n.<\/p>\n\n\n\n<p>Asimismo se\u00f1al\u00f3 que \u201cobtenida la cantidad de toneladas de cada uno de los insumos (soja y ma\u00edz) por cada beneficiario, los respectivos productos de la multiplicaci\u00f3n por los valores de compensaci\u00f3n correspondientes para cada insumo, dar\u00e1 lugar a los subtotales cuya adici\u00f3n final determinar\u00e1 el monto de beneficio individual, que en ning\u00fan caso podr\u00e1 exceder los $ 8 millones por beneficiario\u201d.<\/p>\n\n\n\n<p>Con una inversi\u00f3n de $ 1.400 millones, Econom\u00eda relanz\u00f3 a fines de julio el Programa, cuya primera edici\u00f3n se formaliz\u00f3 en febrero \u00faltimo.<\/p>\n\n\n\n<p>El beneficio se financiado con los recursos del Programa de Incremento Exportador, tambi\u00e9n conocido como d\u00f3lar soja y d\u00f3lar agro.<\/p>\n\n\n\n<p>Para solicitar la asistencia, los productores deber\u00e1n estar inscriptos en el Registro Nacional Sanitario de Productores Agropecuarios (Renspa) del Senasa en las actividades Porcinos Criador Comercial, Porcinos Invernada o Porcinos Agricultura Familiar, y tener declarada su actividad como productor de porcinos ante la Administraci\u00f3n Federal de Ingresos P\u00fablicos (AFIP).<\/p>\n\n\n\n<p>Cumplidos esos requisitos, los productores deber\u00e1n ingresar al sitio web de la AFIP (www.afip.gob.ar) con clave fiscal, y luego al servicio \u201cSecretaria de Agricultura, Ganader\u00eda y Pesca \u2013 Autogesti\u00f3n SAGyP\u201d.<\/p>\n\n\n\n<p>All\u00ed se les solicitar\u00e1 una casilla de e-mail e ingresar una Clave Bancaria Uniforme (CBU) donde se recibir\u00e1 el beneficio en un \u00fanico pago.<\/p>\n\n\n\n<p>Una vez enviada su solicitud, la AFIP y el Senasa realizar\u00e1n las comprobaciones de los datos y, posteriormente, la Secretar\u00eda de Agricultura aprobar\u00e1 la n\u00f3mina de beneficiarios con sus compensaciones correspondientes.<\/p>\n\n\n\n<figure class=\"wp-block-image size-full is-resized\"><img fetchpriority=\"high\" decoding=\"async\" src=\"https:\/\/radiolarioja.com.ar\/rlr\/wp-content\/uploads\/2023\/08\/l_1672179203.jpg\" alt=\"\" class=\"wp-image-15554\" style=\"width:953px;height:635px\" width=\"953\" height=\"635\"\/><figcaption class=\"wp-element-caption\">Gobernador Quintela visita empresa Cerdo de los Llanos<\/figcaption><\/figure>\n","protected":false},"excerpt":{"rendered":"<p>El Ministerio de Econom\u00eda readecu\u00f3 el programa de compensaciones para los productores de porcinos, al cual incorpor\u00f3 la<\/p>\n","protected":false},"author":2,"featured_media":15554,"comment_status":"open","ping_status":"open","sticky":false,"template":"","format":"standard","meta":{"footnotes":""},"categories":[15],"tags":[],"class_list":["post-15552","post","type-post","status-publish","format-standard","has-post-thumbnail","hentry","category-nacional"],"featured_image_urls":{"full":"","thumbnail":"","medium":"","medium_large":"","large":"","1536x1536":"","2048x2048":"","morenews-large":"","morenews-medium":""},"author_info":{"info":["RadioLaRioja"]},"category_info":"<a href=\"https:\/\/radiolarioja.com.ar\/rlr\/category\/nacional\/\" rel=\"category tag\">Nacional<\/a>","tag_info":"Nacional","comment_count":"0","_links":{"self":[{"href":"https:\/\/radiolarioja.com.ar\/rlr\/wp-json\/wp\/v2\/posts\/15552","targetHints":{"allow":["GET"]}}],"collection":[{"href":"https:\/\/radiolarioja.com.ar\/rlr\/wp-json\/wp\/v2\/posts"}],"about":[{"href":"https:\/\/radiolarioja.com.ar\/rlr\/wp-json\/wp\/v2\/types\/post"}],"author":[{"embeddable":true,"href":"https:\/\/radiolarioja.com.ar\/rlr\/wp-json\/wp\/v2\/users\/2"}],"replies":[{"embeddable":true,"href":"https:\/\/radiolarioja.com.ar\/rlr\/wp-json\/wp\/v2\/comments?post=15552"}],"version-history":[{"count":0,"href":"https:\/\/radiolarioja.com.ar\/rlr\/wp-json\/wp\/v2\/posts\/15552\/revisions"}],"wp:featuredmedia":[{"embeddable":true,"href":"https:\/\/radiolarioja.com.ar\/rlr\/wp-json\/"}],"wp:attachment":[{"href":"https:\/\/radiolarioja.com.ar\/rlr\/wp-json\/wp\/v2\/media?parent=15552"}],"wp:term":[{"taxonomy":"category","embeddable":true,"href":"https:\/\/radiolarioja.com.ar\/rlr\/wp-json\/wp\/v2\/categories?post=15552"},{"taxonomy":"post_tag","embeddable":true,"href":"https:\/\/radiolarioja.com.ar\/rlr\/wp-json\/wp\/v2\/tags?post=15552"}],"curies":[{"name":"wp","href":"https:\/\/api.w.org\/{rel}","templated":true}]}}