{"id":15549,"date":"2023-08-16T01:58:09","date_gmt":"2023-08-16T04:58:09","guid":{"rendered":"https:\/\/radiolarioja.com.ar\/rlr\/?p=15549"},"modified":"2023-08-16T01:58:09","modified_gmt":"2023-08-16T04:58:09","slug":"efemerides-del-17-de-agosto","status":"publish","type":"post","link":"https:\/\/radiolarioja.com.ar\/rlr\/efemerides-del-17-de-agosto\/","title":{"rendered":"Efemerides del 17 de Agosto"},"content":{"rendered":"\n<p>1850 &#8211; SAN MART\u00cdN. A los 72 a\u00f1os de edad muere en la localidad francesa de Boulogne sur Mer el general Jos\u00e9 de San Mart\u00edn, comandante en jefe del Ej\u00e9rcito de los Andes y libertador de Argentina, Chile y Per\u00fa.<\/p>\n\n\n\n<p>1891 &#8211; OLIVERIO GIRONDO. Nace en Buenos Aires el escritor, poeta y periodista Oliverio Girondo (Octavio Jos\u00e9 Oliverio Girondo), figura del surrealismo dentro de la vanguardia literaria porte\u00f1a de la d\u00e9cada de 1920. Form\u00f3 parte del Grupo Florida junto con Leopoldo Marechal, Silvina Ocampo y Ra\u00fal Gonz\u00e1lez Tu\u00f1\u00f3n, entre otros grandes escritores.<\/p>\n\n\n\n<p>1913 &#8211; OSCAR A. G\u00c1LVEZ. Nace en Buenos Aires el piloto de automovilismo Oscar Alfredo G\u00e1lvez, icono de ese deporte en Argentina. Gan\u00f3 cinco t\u00edtulos de Turismo Carretera y 43 victorias en esa especialidad. El Aut\u00f3dromo Oscar G\u00e1lvez del barrio porte\u00f1o de Villa Riachuelo fue sede en 20 ocasiones del Gran Premio de la Argentina de F\u00f3rmula 1.<\/p>\n\n\n\n<p>1943 &#8211; ROBERT DE NIRO. Nace en Manhattan (Nueva York, EEUU) el actor y director de cine Robert Anthony De Niro, una de las grandes estrellas de Hollywood, ganador de sendos premios \u00d3scar por su labor en los filmes Toro salvaje y El padrino: Parte II. Gan\u00f3 adem\u00e1s dos premios Globo de Oro y lleva filmadas m\u00e1s de un centenar de pel\u00edculas.<\/p>\n\n\n\n<p>1952 &#8211; GUILLERMO VILAS. Nace en Buenos Aires el ex tenista Guillermo Vilas, quien lleg\u00f3 al N\u00b0 2 de la clasificaci\u00f3n mundial de la Asociaci\u00f3n de Tenistas Profesionales (ATP). Vilas se mantiene como el \u00fanico tenista con el r\u00e9cord de mayor n\u00famero de partidos consecutivos ganados: 46. Es uno de los m\u00e1s grandes de la historia del tenis en Argentina.<\/p>\n\n\n\n<p>1957 &#8211; RICARDO MOLLO. Nace en la ciudad bonaerense de Pergamino el m\u00fasico, cantante y guitarrista Ricardo Mollo, l\u00edder de la banda de rock Divididos. Form\u00f3 parte de la legendaria banda Sumo en la d\u00e9cada de 1980.<\/p>\n\n\n\n<p>1960 &#8211; SEAN PENN. Nace en la ciudad de Santa M\u00f3nica (California, EEUU) el actor y director de cine Sean Penn, ganador de ocho premios internacionales, entre ellos dos \u00d3scar. Se destac\u00f3 por su labor en los filmes \u00abMilk\u201d, \u201cMystic river\u00bb y \u00ab21 gramos\u00bb. Ha filmado 48 pel\u00edculas.<\/p>\n\n\n\n<p>1989 &#8211; REFORMA DEL ESTADO. El Congreso aprueba la ley de Reforma del Estado que dio paso a las privatizaciones de las grandes empresas p\u00fablicas. Las primeras privatizaciones fueron las de ENTel y Aerol\u00edneas Argentinas.<\/p>\n\n\n\n<p>1998 &#8211; BILL CLINTON. El presidente de Estados Unidos Bill Clinton admite que mantuvo una \u00abrelaci\u00f3n f\u00edsica inapropiada\u00bb con la becaria M\u00f3nica Lewinsky, de 22 a\u00f1os, en la Casa Blanca. Clinton fue luego exonerado de los cargos de perjurio y obstrucci\u00f3n de la justicia en un juicio pol\u00edtico realizado en el Senado.<\/p>\n\n\n\n<p>2005 &#8211; LIONEL MESSI. A los 21 minutos del segundo tiempo de un amistoso con Hungr\u00eda en Budapest, el delantero Lionel Messi debuta en la selecci\u00f3n argentina al reemplazar a Lisandro L\u00f3pez en el equipo dirigido por Jos\u00e9 Pekerman. Peroi fue expulsado 47 segundos despu\u00e9s de su ingreso por una falta que no pareci\u00f3 merecer esa sanci\u00f3n. Argentina gan\u00f3 2-1 con goles de Maximiliano Rodr\u00edguez y Gabriel Heinze.<\/p>\n\n\n\n<p>2022 &#8211; D\u00cdA DEL PEAT\u00d3N. Se celebra el D\u00eda Mundial del Peat\u00f3n instituido por la Organizaci\u00f3n Mundial de la Salud para promover la seguridad vial y espacios adecuados para la movilidad a pie. La fecha recuerda al primer accidente fatal ocurrido en Londres en 1897, cuando Bridget Driscoll muri\u00f3 al ser arrollada por un veh\u00edculo a motor.<\/p>\n","protected":false},"excerpt":{"rendered":"<p>1850 &#8211; SAN MART\u00cdN. A los 72 a\u00f1os de edad muere en la localidad francesa de Boulogne sur<\/p>\n","protected":false},"author":2,"featured_media":0,"comment_status":"open","ping_status":"open","sticky":false,"template":"","format":"standard","meta":{"footnotes":""},"categories":[15],"tags":[],"class_list":["post-15549","post","type-post","status-publish","format-standard","hentry","category-nacional"],"featured_image_urls":{"full":"","thumbnail":"","medium":"","medium_large":"","large":"","1536x1536":"","2048x2048":"","morenews-large":"","morenews-medium":""},"author_info":{"info":["RadioLaRioja"]},"category_info":"<a href=\"https:\/\/radiolarioja.com.ar\/rlr\/category\/nacional\/\" rel=\"category tag\">Nacional<\/a>","tag_info":"Nacional","comment_count":"0","_links":{"self":[{"href":"https:\/\/radiolarioja.com.ar\/rlr\/wp-json\/wp\/v2\/posts\/15549","targetHints":{"allow":["GET"]}}],"collection":[{"href":"https:\/\/radiolarioja.com.ar\/rlr\/wp-json\/wp\/v2\/posts"}],"about":[{"href":"https:\/\/radiolarioja.com.ar\/rlr\/wp-json\/wp\/v2\/types\/post"}],"author":[{"embeddable":true,"href":"https:\/\/radiolarioja.com.ar\/rlr\/wp-json\/wp\/v2\/users\/2"}],"replies":[{"embeddable":true,"href":"https:\/\/radiolarioja.com.ar\/rlr\/wp-json\/wp\/v2\/comments?post=15549"}],"version-history":[{"count":0,"href":"https:\/\/radiolarioja.com.ar\/rlr\/wp-json\/wp\/v2\/posts\/15549\/revisions"}],"wp:attachment":[{"href":"https:\/\/radiolarioja.com.ar\/rlr\/wp-json\/wp\/v2\/media?parent=15549"}],"wp:term":[{"taxonomy":"category","embeddable":true,"href":"https:\/\/radiolarioja.com.ar\/rlr\/wp-json\/wp\/v2\/categories?post=15549"},{"taxonomy":"post_tag","embeddable":true,"href":"https:\/\/radiolarioja.com.ar\/rlr\/wp-json\/wp\/v2\/tags?post=15549"}],"curies":[{"name":"wp","href":"https:\/\/api.w.org\/{rel}","templated":true}]}}