{"id":15540,"date":"2023-08-16T00:23:27","date_gmt":"2023-08-16T03:23:27","guid":{"rendered":"https:\/\/radiolarioja.com.ar\/rlr\/?p=15540"},"modified":"2023-08-16T00:23:27","modified_gmt":"2023-08-16T03:23:27","slug":"15-edicion-del-festival-latinoamericano-de-cortometrajes-imagenesociales","status":"publish","type":"post","link":"https:\/\/radiolarioja.com.ar\/rlr\/15-edicion-del-festival-latinoamericano-de-cortometrajes-imagenesociales\/","title":{"rendered":"15\u00b0 edici\u00f3n del Festival Latinoamericano de Cortometrajes Im\u00e1geneSociales"},"content":{"rendered":"\n<p><strong>15\u00b0 edici\u00f3n del Festival Latinoamericano de Cortometrajes Im\u00e1geneSociales<\/strong><\/p>\n\n\n\n<p>El Gobierno de La Rioja, a trav\u00e9s de la Secretar\u00eda de Culturas de La Rioja, Argentina, perteneciente al Ministerio de Turismo y Culturas, realizar\u00e1 la 15\u00ba edici\u00f3n del Festival. La misma forma parte de los Festivales Nacionales reconocidos por el Instituto Nacional de Cine y Artes Audiovisuales (INCAA).<\/p>\n\n\n\n<p>Los objetivos que se propone este Festival, en su car\u00e1cter internacional, es presentar cortometrajes con tem\u00e1ticas sociales latinoamericanas, nacionales y regionales que generalmente no encuentran pantallas para su difusi\u00f3n. Pueden ser en formato documental y ficci\u00f3n, contribuyendo de esta manera, con el incentivo de la producci\u00f3n sobre material de diversos medios sociales.<\/p>\n\n\n\n<p>Por otra parte, se propone la realizaci\u00f3n de talleres audiovisuales con la idea de incentivar la producci\u00f3n local y acrecentar el campo laboral de la regi\u00f3n.<\/p>\n\n\n\n<p>La 15\u00aa edici\u00f3n del Festival Latinoamericano de Cortometrajes ImageneSociales se llevar\u00e1 a cabo los d\u00edas 17, 18 y 19 de agosto del 2023, de manera presencial e incluir\u00e1 las siguientes secciones: competencia de cortometraje documental Latinoamericano, Competencia de cortometraje ficcional Latinoamericano, Competencia de videoclip y Competencia de videodanza.<\/p>\n\n\n\n<p>El programa completo se encuentra disponible en www.culturalarioja.gob.ar como as\u00ed tambi\u00e9n los links de inscripci\u00f3n a los talleres.<\/p>\n\n\n\n<figure class=\"wp-block-image size-large\"><img decoding=\"async\" src=\"https:\/\/radiolarioja.com.ar\/rlr\/wp-content\/uploads\/2023\/08\/WhatsApp-Image-2023-08-14-at-09.58.01-1024x1024.jpeg\" alt=\"\" class=\"wp-image-15542\"\/><\/figure>\n","protected":false},"excerpt":{"rendered":"<p>15\u00b0 edici\u00f3n del Festival Latinoamericano de Cortometrajes Im\u00e1geneSociales El Gobierno de La Rioja, a trav\u00e9s de la Secretar\u00eda<\/p>\n","protected":false},"author":2,"featured_media":15542,"comment_status":"open","ping_status":"open","sticky":false,"template":"","format":"standard","meta":{"footnotes":""},"categories":[12],"tags":[],"class_list":["post-15540","post","type-post","status-publish","format-standard","has-post-thumbnail","hentry","category-local"],"featured_image_urls":{"full":"","thumbnail":"","medium":"","medium_large":"","large":"","1536x1536":"","2048x2048":"","morenews-large":"","morenews-medium":""},"author_info":{"info":["RadioLaRioja"]},"category_info":"<a href=\"https:\/\/radiolarioja.com.ar\/rlr\/category\/local\/\" rel=\"category tag\">Local<\/a>","tag_info":"Local","comment_count":"0","_links":{"self":[{"href":"https:\/\/radiolarioja.com.ar\/rlr\/wp-json\/wp\/v2\/posts\/15540","targetHints":{"allow":["GET"]}}],"collection":[{"href":"https:\/\/radiolarioja.com.ar\/rlr\/wp-json\/wp\/v2\/posts"}],"about":[{"href":"https:\/\/radiolarioja.com.ar\/rlr\/wp-json\/wp\/v2\/types\/post"}],"author":[{"embeddable":true,"href":"https:\/\/radiolarioja.com.ar\/rlr\/wp-json\/wp\/v2\/users\/2"}],"replies":[{"embeddable":true,"href":"https:\/\/radiolarioja.com.ar\/rlr\/wp-json\/wp\/v2\/comments?post=15540"}],"version-history":[{"count":0,"href":"https:\/\/radiolarioja.com.ar\/rlr\/wp-json\/wp\/v2\/posts\/15540\/revisions"}],"wp:featuredmedia":[{"embeddable":true,"href":"https:\/\/radiolarioja.com.ar\/rlr\/wp-json\/"}],"wp:attachment":[{"href":"https:\/\/radiolarioja.com.ar\/rlr\/wp-json\/wp\/v2\/media?parent=15540"}],"wp:term":[{"taxonomy":"category","embeddable":true,"href":"https:\/\/radiolarioja.com.ar\/rlr\/wp-json\/wp\/v2\/categories?post=15540"},{"taxonomy":"post_tag","embeddable":true,"href":"https:\/\/radiolarioja.com.ar\/rlr\/wp-json\/wp\/v2\/tags?post=15540"}],"curies":[{"name":"wp","href":"https:\/\/api.w.org\/{rel}","templated":true}]}}