{"id":15533,"date":"2023-08-16T00:17:45","date_gmt":"2023-08-16T03:17:45","guid":{"rendered":"https:\/\/radiolarioja.com.ar\/rlr\/?p=15533"},"modified":"2023-08-16T00:17:45","modified_gmt":"2023-08-16T03:17:45","slug":"llega-la-segunda-edicion-del-festival-migrantes-de-la-patria-grande-en-tecnopolis","status":"publish","type":"post","link":"https:\/\/radiolarioja.com.ar\/rlr\/llega-la-segunda-edicion-del-festival-migrantes-de-la-patria-grande-en-tecnopolis\/","title":{"rendered":"Llega la segunda edici\u00f3n del Festival Migrantes de la Patria Grande en Tecn\u00f3polis"},"content":{"rendered":"\n<p><strong>Llega la segunda edici\u00f3n del Festival Migrantes de la Patria Grande en Tecn\u00f3polis<\/strong><\/p>\n\n\n\n<figure class=\"wp-block-image size-large\"><img decoding=\"async\" src=\"https:\/\/radiolarioja.com.ar\/rlr\/wp-content\/uploads\/2023\/08\/noname-3-1024x682.jpg\" alt=\"\" class=\"wp-image-15538\"\/><\/figure>\n\n\n\n<p>Organizado por la Secretar\u00eda de Derechos Humanos y el Ministerio de Cultura de la Naci\u00f3n, se llevar\u00e1 adelante el pr\u00f3ximo domingo 20 de agosto e incluir\u00e1 la presentaci\u00f3n de bandas musicales, talleres y shows infantiles.<\/p>\n\n\n\n<p>El pr\u00f3ximo s\u00e1bado 19 de agosto se realizar\u00e1 una nueva edici\u00f3n del Festival Migrantes de la Patria Grande en Tecn\u00f3polis, un encuentro junto a colectividades de los pa\u00edses de la regi\u00f3n en el marco del D\u00eda Nacional del Migrante, que se conmemora cada 4 de septiembre.<\/p>\n\n\n\n<p>Bajo el lema #MigrarEsUnDerecho, el festival \u2014organizado por la Secretar\u00eda de Derechos Humanos junto al Ministerio de Cultura de la Naci\u00f3n\u2014 tendr\u00e1 lugar en el Patio Federal de Tecn\u00f3polis, e incluir\u00e1 la presentaci\u00f3n del grupo de m\u00fasica y danza \u00abGuambra Taki-Killu Sisa\u00bb (Ecuador); de Mateo Roca (Bolivia), de Estampas Peruanas (Per\u00fa), de Camoruco (Colombia) y de Cafund\u00f3 (Argentina). Adem\u00e1s, habr\u00e1 actividades especiales para las infancias: un taller de percusi\u00f3n y un show musical a cargo del grupo Les Limones.<\/p>\n\n\n\n<figure class=\"wp-block-image size-large\"><img decoding=\"async\" src=\"https:\/\/radiolarioja.com.ar\/rlr\/wp-content\/uploads\/2023\/08\/noname-2-1024x682.jpg\" alt=\"\" class=\"wp-image-15537\"\/><\/figure>\n\n\n\n<p>En el predio tambi\u00e9n estar\u00e1n presentes diferentes organismos del Estado nacional como internacionales para asistir sobre los derechos de los migrantes.<\/p>\n\n\n\n<p>Este es el segundo a\u00f1o que se realiza este festival. En la edici\u00f3n anterior, miles de personas pudieron disfrutar de distintas bandas musicales, feria de artesanos y desfiles tradicionales. Adem\u00e1s, en esa oportunidad tambi\u00e9n se entreg\u00f3 reconocimientos a referentes destacados de distintos \u00e1mbitos que luchan por los derechos de las personas migrantes.<\/p>\n\n\n\n<p>La iniciativa forma parte de las distintas pol\u00edticas de promoci\u00f3n de derechos de las personas migrantes que lleva adelante la Secretaria de Derechos Humanos, entre las que se destacan los Centros de Integraci\u00f3n para Personas Migrantes y Refugiadas, que brindan informaci\u00f3n y acompa\u00f1an en los tr\u00e1mites migratorios, situaciones de vulnerabilidad social y acceso a derechos como la salud, la educaci\u00f3n, la seguridad social y los derechos pol\u00edticos.<\/p>\n\n\n\n<figure class=\"wp-block-image size-large\"><img decoding=\"async\" src=\"https:\/\/radiolarioja.com.ar\/rlr\/wp-content\/uploads\/2023\/08\/noname-1-1024x682.jpg\" alt=\"\" class=\"wp-image-15536\"\/><\/figure>\n\n\n\n<p>Programaci\u00f3n:<\/p>\n\n\n\n<p>12.30 a 13.00: Guambra Taki-Killu Sisa, grupo de m\u00fasica y danza &#8211; Ecuador<br \/>13.30 a 14.00: Mateo Roca, grupo de cumbia &#8211; Bolivia-Argentina<br \/>14.30 a 15.00: Estampas peruanas, grupo de m\u00fasica y danza &#8211; Per\u00fa<br \/>15.30 a 16.00: Les limones, show infantil &#8211; Argentina<br \/>16.00 a 16.30: UDLI Utilidad de lo in\u00fatil, taller &#8211; Migrantes internos<br \/>16.30 a 17.00: Camoruco, m\u00fasica llanera &#8211; Colombia<br \/>18.00: Cafund\u00f3, grupo de percusi\u00f3n &#8211; Argentina<\/p>\n\n\n\n<figure class=\"wp-block-image size-large\"><img decoding=\"async\" src=\"https:\/\/radiolarioja.com.ar\/rlr\/wp-content\/uploads\/2023\/08\/noname-1024x682.jpg\" alt=\"\" class=\"wp-image-15535\"\/><\/figure>\n","protected":false},"excerpt":{"rendered":"<p>Llega la segunda edici\u00f3n del Festival Migrantes de la Patria Grande en Tecn\u00f3polis Organizado por la Secretar\u00eda de<\/p>\n","protected":false},"author":2,"featured_media":15536,"comment_status":"open","ping_status":"open","sticky":false,"template":"","format":"standard","meta":{"footnotes":""},"categories":[15],"tags":[],"class_list":["post-15533","post","type-post","status-publish","format-standard","has-post-thumbnail","hentry","category-nacional"],"featured_image_urls":{"full":"","thumbnail":"","medium":"","medium_large":"","large":"","1536x1536":"","2048x2048":"","morenews-large":"","morenews-medium":""},"author_info":{"info":["RadioLaRioja"]},"category_info":"<a href=\"https:\/\/radiolarioja.com.ar\/rlr\/category\/nacional\/\" rel=\"category tag\">Nacional<\/a>","tag_info":"Nacional","comment_count":"0","_links":{"self":[{"href":"https:\/\/radiolarioja.com.ar\/rlr\/wp-json\/wp\/v2\/posts\/15533","targetHints":{"allow":["GET"]}}],"collection":[{"href":"https:\/\/radiolarioja.com.ar\/rlr\/wp-json\/wp\/v2\/posts"}],"about":[{"href":"https:\/\/radiolarioja.com.ar\/rlr\/wp-json\/wp\/v2\/types\/post"}],"author":[{"embeddable":true,"href":"https:\/\/radiolarioja.com.ar\/rlr\/wp-json\/wp\/v2\/users\/2"}],"replies":[{"embeddable":true,"href":"https:\/\/radiolarioja.com.ar\/rlr\/wp-json\/wp\/v2\/comments?post=15533"}],"version-history":[{"count":0,"href":"https:\/\/radiolarioja.com.ar\/rlr\/wp-json\/wp\/v2\/posts\/15533\/revisions"}],"wp:featuredmedia":[{"embeddable":true,"href":"https:\/\/radiolarioja.com.ar\/rlr\/wp-json\/"}],"wp:attachment":[{"href":"https:\/\/radiolarioja.com.ar\/rlr\/wp-json\/wp\/v2\/media?parent=15533"}],"wp:term":[{"taxonomy":"category","embeddable":true,"href":"https:\/\/radiolarioja.com.ar\/rlr\/wp-json\/wp\/v2\/categories?post=15533"},{"taxonomy":"post_tag","embeddable":true,"href":"https:\/\/radiolarioja.com.ar\/rlr\/wp-json\/wp\/v2\/tags?post=15533"}],"curies":[{"name":"wp","href":"https:\/\/api.w.org\/{rel}","templated":true}]}}