{"id":15518,"date":"2023-08-15T23:51:02","date_gmt":"2023-08-16T02:51:02","guid":{"rendered":"https:\/\/radiolarioja.com.ar\/rlr\/?p=15518"},"modified":"2023-08-15T23:51:02","modified_gmt":"2023-08-16T02:51:02","slug":"catamarca-estara-presente-en-la-16-feria-nacional-berazategui-artesanias-que-se-realizara-desde-este-jueves-17-hasta-el-lunes-21-de-agosto","status":"publish","type":"post","link":"https:\/\/radiolarioja.com.ar\/rlr\/catamarca-estara-presente-en-la-16-feria-nacional-berazategui-artesanias-que-se-realizara-desde-este-jueves-17-hasta-el-lunes-21-de-agosto\/","title":{"rendered":"Catamarca estar\u00e1 presente en la 16\u00b0 Feria Nacional Berazategui Artesan\u00edas que se realizar\u00e1 desde este jueves 17 hasta el lunes 21 de agosto"},"content":{"rendered":"\n<p><strong>Tejedoras catamarque\u00f1as participar\u00e1n de la 16\u00b0 Feria Nacional Berazategui Artesan\u00edas<\/strong><\/p>\n\n\n\n<p>Catamarca estar\u00e1 presente en la 16\u00b0 Feria Nacional Berazategui Artesan\u00edas que se realizar\u00e1 desde este jueves 17 hasta el lunes 21 de agosto.<\/p>\n\n\n\n<p>Esta comprender\u00e1 el XVI Encuentro Nacional de Artesanos y la XXXI Feria de Maestros y Aprendices y se desarrollar\u00e1 en el Centro Municipal de Actividades Roberto De Vicenzo, con entrada gratuita.<\/p>\n\n\n\n<p>La cl\u00e1sica feria de Berazategui, que organiza la municipalidad local, contar\u00e1 con m\u00e1s de 200 stands y 500 artesanos de todo el pa\u00eds, entre los que estar\u00e1n presentes las artesanas catamarque\u00f1as, Guillermina Zarate y Andrea Aguilar de Fray Mamerto Esquiu y Ruth y Roxana Reinoso, de Bel\u00e9n, quienes participan en representaci\u00f3n de la Direcci\u00f3n Provincial de Artesan\u00edas del Ministerio de Cultura, Turismo y Deporte.<\/p>\n\n\n\n<p>Las artesanas catamarque\u00f1as estar\u00e1n trabajando en vivo, hilando fibra de vicu\u00f1a y de llama, y tejiendo en telar criollo.<\/p>\n\n\n\n<p>Adem\u00e1s, la feria, contar\u00e1 con la presencia de, joyeros, marroquineros, alfareros, plateros, talabarteros, cesteros, sogueros, artesanos en vidrio, jugueteros y cuchilleros, quienes lucir\u00e1n y pondr\u00e1n a la venta sus creaciones durante cinco d\u00edas consecutivos,<\/p>\n\n\n\n<p>Tambi\u00e9n, durante el tradicional evento, el p\u00fablico podr\u00e1 disfrutar de demostraciones en vivo de diferentes t\u00e9cnicas artesanales y textiles.<\/p>\n\n\n\n<p>Esta propuesta de la oferta cultural berazateguense es distinguida por el dise\u00f1o, la calidad y la originalidad de sus artesan\u00edas. La exposici\u00f3n fue declarada de Inter\u00e9s Provincial y Municipal, y obtuvo el Sello de Calidad \u201cDirectrices de gesti\u00f3n tur\u00edstica para ferias de artesan\u00edas\u201d entre 2015 y 2017.<\/p>\n\n\n\n<figure class=\"wp-block-image size-large\"><img decoding=\"async\" src=\"https:\/\/radiolarioja.com.ar\/rlr\/wp-content\/uploads\/2023\/08\/Berazategui-Artesanias-1024x683.jpeg\" alt=\"\" class=\"wp-image-15522\"\/><\/figure>\n","protected":false},"excerpt":{"rendered":"<p>Tejedoras catamarque\u00f1as participar\u00e1n de la 16\u00b0 Feria Nacional Berazategui Artesan\u00edas Catamarca estar\u00e1 presente en la 16\u00b0 Feria Nacional<\/p>\n","protected":false},"author":2,"featured_media":15522,"comment_status":"open","ping_status":"open","sticky":false,"template":"","format":"standard","meta":{"footnotes":""},"categories":[12],"tags":[],"class_list":["post-15518","post","type-post","status-publish","format-standard","has-post-thumbnail","hentry","category-local"],"featured_image_urls":{"full":"","thumbnail":"","medium":"","medium_large":"","large":"","1536x1536":"","2048x2048":"","morenews-large":"","morenews-medium":""},"author_info":{"info":["RadioLaRioja"]},"category_info":"<a href=\"https:\/\/radiolarioja.com.ar\/rlr\/category\/local\/\" rel=\"category tag\">Local<\/a>","tag_info":"Local","comment_count":"0","_links":{"self":[{"href":"https:\/\/radiolarioja.com.ar\/rlr\/wp-json\/wp\/v2\/posts\/15518","targetHints":{"allow":["GET"]}}],"collection":[{"href":"https:\/\/radiolarioja.com.ar\/rlr\/wp-json\/wp\/v2\/posts"}],"about":[{"href":"https:\/\/radiolarioja.com.ar\/rlr\/wp-json\/wp\/v2\/types\/post"}],"author":[{"embeddable":true,"href":"https:\/\/radiolarioja.com.ar\/rlr\/wp-json\/wp\/v2\/users\/2"}],"replies":[{"embeddable":true,"href":"https:\/\/radiolarioja.com.ar\/rlr\/wp-json\/wp\/v2\/comments?post=15518"}],"version-history":[{"count":0,"href":"https:\/\/radiolarioja.com.ar\/rlr\/wp-json\/wp\/v2\/posts\/15518\/revisions"}],"wp:featuredmedia":[{"embeddable":true,"href":"https:\/\/radiolarioja.com.ar\/rlr\/wp-json\/"}],"wp:attachment":[{"href":"https:\/\/radiolarioja.com.ar\/rlr\/wp-json\/wp\/v2\/media?parent=15518"}],"wp:term":[{"taxonomy":"category","embeddable":true,"href":"https:\/\/radiolarioja.com.ar\/rlr\/wp-json\/wp\/v2\/categories?post=15518"},{"taxonomy":"post_tag","embeddable":true,"href":"https:\/\/radiolarioja.com.ar\/rlr\/wp-json\/wp\/v2\/tags?post=15518"}],"curies":[{"name":"wp","href":"https:\/\/api.w.org\/{rel}","templated":true}]}}