{"id":15512,"date":"2023-08-15T23:47:18","date_gmt":"2023-08-16T02:47:18","guid":{"rendered":"https:\/\/radiolarioja.com.ar\/rlr\/?p=15512"},"modified":"2023-08-15T23:47:18","modified_gmt":"2023-08-16T02:47:18","slug":"el-instituto-nacional-de-cine-y-artes-audiovisuales-incaa-anuncia-la-renovacion-de-sus-pantallas-en-la-tercera-semana-de-agosto","status":"publish","type":"post","link":"https:\/\/radiolarioja.com.ar\/rlr\/el-instituto-nacional-de-cine-y-artes-audiovisuales-incaa-anuncia-la-renovacion-de-sus-pantallas-en-la-tercera-semana-de-agosto\/","title":{"rendered":"El Instituto Nacional de Cine y Artes Audiovisuales (INCAA) anuncia la renovaci\u00f3n de sus pantallas en la tercera semana de agosto."},"content":{"rendered":"\n<figure class=\"wp-block-image size-large is-resized\"><img fetchpriority=\"high\" decoding=\"async\" src=\"https:\/\/radiolarioja.com.ar\/rlr\/wp-content\/uploads\/2023\/08\/Poster_Amigas_Original-02_Ingles-SS-y-MDQ-717x1024.jpeg\" alt=\"\" class=\"wp-image-15515\" style=\"width:956px;height:1365px\" width=\"956\" height=\"1365\"\/><\/figure>\n\n\n\n<p><strong>ESTRENOS Y NOVEDADES EN LAS PANTALLAS DEL INCAA<br \/><\/strong>Buenos Aires, lunes 14 de agosto de 2023.- El Instituto Nacional de Cine y Artes Audiovisuales (INCAA) anuncia la renovaci\u00f3n de sus pantallas en la tercera semana de agosto.<\/p>\n\n\n\n<p>El jueves 17 en el Cine Gaumont se estrena Fragmentada, una comedia de suspenso dirigida por Facundo Escudero Salinas, protagonizada por Jazm\u00edn Stuart y con la participaci\u00f3n especial de C\u00e9sar Bord\u00f3n y Beatriz Spelzini; y los documentales Pulsando la vida, un viaje a la m\u00fasica cuyana realizado por Mar\u00eda Laura Piastrellini \u2013ganador del Programa V\u00eda Digital del INCAA y declarado de Inter\u00e9s por la Honorable C\u00e1mara de Diputados de la Naci\u00f3n\u2013; El silencio de los hombres, de Luc\u00eda Lubarsky; y Los m\u00e9dicos de Nietzsche, realizado por Jorge Leandro Col\u00e1s.<\/p>\n\n\n\n<p>El corto de la semana es Do\u00f1a Ubenza, dirigido por Juan Manuel Costa, que ser\u00e1 proyectado en programa doble junto al documental Pulsando la vida.<\/p>\n\n\n\n<p>Pulsando la vida de Mar\u00eda Laura Piastrellini, que forma parte del Programa de Estreno de Documentales Digitales, adem\u00e1s de su estreno en el Cine Gaumont, podr\u00e1 verse el jueves 17 a las 20 horas en la se\u00f1al CINE.AR TV y a trav\u00e9s de la plataforma CINE.AR PLAY, desde el viernes 18, por una semana. Tambi\u00e9n ser\u00e1 exhibido en la Red de Espacios INCAA (consultar salas en la cartelera de Espacios INCAA).<\/p>\n\n\n\n<p>La programaci\u00f3n completa del Cine Gaumont, con los estrenos y las continuidades de la semana, estar\u00e1 disponible desde el martes en la web del INCAA.<\/p>\n\n\n\n<p>Los Espacios INCAA tambi\u00e9n renuevan su cartelera semanal con estrenos y reposiciones nacionales en las salas de todo el pa\u00eds. La programaci\u00f3n se encuentra en http:\/\/www.incaa.gov.ar\/programacion-espacios-incaa.<\/p>\n\n\n\n<p><strong>CINE.AR PLAY<\/strong><\/p>\n\n\n\n<p>Desde el martes 15 de agosto, la plataforma de video a demanda del INCAA renueva la secci\u00f3n Novedades con los largometrajes Lavander\u00eda Nancy Sport (Argentina \u2013 2022 \u2013 80 min) de Agust\u00edn Gregori; Sue\u00f1os (Argentina \u2013 2022 \u2013 84 min), de Marcos Mart\u00ednez; y los cortometrajes Escucho la lluvia en tu casa (Argentina \u2013 2021 \u2013 11 min) de Nadia Benedicto; y Yik\u00e1sd\u00e1h\u00ed &#8211; Espera el amanecer (Argentina \u2013 2018 \u2013 8 min), de Gabriela Clar.<\/p>\n\n\n\n<p>El jueves 17, CINE.AR PLAY estrena los largometrajes La sudestada (Argentina \u2013 2023 \u2013 90 min), de Daniel Casab\u00e9 y Edgardo Dieleke; La tara (Argentina\/Espa\u00f1a \u2013 2022 \u2013 74 min), de Amparo Aguilar; El perro que no calla (Argentina \u2013 2021 \u2013 73 min), de Ana Katz; y Retratos de Eugenia (Argentina \u2013 2023 \u2013 75 min), de Juan Manuel Repetto.<\/p>\n\n\n\n<p><strong>15 DE AGOSTO: Tercera edici\u00f3n del carrusel TANGO: NOSTALGIA RIOPLATENSE<\/strong><\/p>\n\n\n\n<p>Por el convenio suscripto entre el INCAA y la Academia Nacional del Tango para la difusi\u00f3n de pel\u00edculas relacionadas al g\u00e9nero, desde el martes 15 estar\u00e1n disponibles en la plataforma, de forma gratuita, las siguientes producciones:<br \/>Amar amando, de Yael Szmulewicz (largometraje)<br \/>Vida poeta, de Claudia Sandina (largometraje)<br \/>Generaci\u00f3n tango, de Luciano Montes de Oca (largometraje)<br \/>Caf\u00e9 de los maestros, de Miguel Kohan (largometraje)<br \/>Salg\u00e1n &amp; Salg\u00e1n, de Caroline Neal (largometraje)<br \/>Si sos brujo: Una historia de tango, de Caroline Neal (largometraje)<br \/>Noches de Fandango, de Santiago Diehl (cortometraje)<\/p>\n\n\n\n<p><strong>16 DE AGOSTO: PREMIOS CINE.AR<\/strong><\/p>\n\n\n\n<p>Premio que otorga el INCAA a cortometrajes argentinos que participen en competencias de Festivales Nacionales, en reconocimiento a la innovaci\u00f3n art\u00edstica, la creatividad audiovisual, la calidad de realizaci\u00f3n, el contenido y el mensaje que la obra acerca al p\u00fablico.<br \/>La plataforma publicar\u00e1 el mi\u00e9rcoles 16 de agosto una nueva selecci\u00f3n de cortos galardonados:<br \/>Rebelado, de Eduardo Igolnikow<br \/>Magma, de Sol Candelaria<br \/>Pabell\u00f3n, de Luc\u00eda Levis Bilsky<br \/>8\/16\/35, de Mariano Torres Negri<br \/>Tren-Tren y Kay-Kay, de Claudio Pansera y Camilo Rodr\u00edguez<br \/>Las vigilias de la noche, de Nicol\u00e1s S\u00e1nchez y Estanislao Cortada<br \/>Amor de verano, de Eline Marx<\/p>\n\n\n\n<p><strong>EFEM\u00c9RIDES: 17 DE AGOSTO<\/strong><\/p>\n\n\n\n<p>Conmemorando un nuevo aniversario del Paso a la Inmortalidad del General Jos\u00e9 de San Mart\u00edn, figura relevante de la historia de nuestra patria y de la lucha por la independencia sudam\u00e9ricana, la CINE.AR PLAY emitir\u00e1 la pel\u00edcula El exilio de San Mart\u00edn (Argentina \u2013 2006 \u2013 90 min), escrita y dirigida por Alejandro Areal V\u00e9lez, con Alberto Ivernen interpretando al General Jos\u00e9 de San Mart\u00edn y con relatos en off de Alfredo Alc\u00f3n.<\/p>\n\n\n\n<p>CARTELERA DE ESTRENOS DEL CINE GAUMONT<br \/>Desde el jueves 17 al mi\u00e9rcoles 23 de agosto<\/p>\n\n\n\n<p>Sala Mar\u00eda Luisa Bemberg<\/p>\n\n\n\n<p>13, 14:45 y 20:45 horas<br \/>LOS M\u00c9DICOS DE NIETZSCHE<br \/>Argentina\/Francia \u2013 Documental \u2013 2023 \u2013 78 min \u2013 SAM 13<br \/>Direcci\u00f3n: Jorge Leandro Col\u00e1s<br \/>Guion: Jorge Leandro Col\u00e1s<br \/>Producci\u00f3n general: Carolina M. Fern\u00e1ndez, F\u00e9lix Salgado, Florent Coulon<br \/>Compa\u00f1\u00edas productoras: Salamanca Cine (ARG), VraiVrai Films (FRA)<br \/>Direcci\u00f3n de fotograf\u00eda: Aylen L\u00f3pez<br \/>Con: Esteban Rubinstein, Valeria Grossi, Paco Siquot, Julio Gavagnin<\/p>\n\n\n\n<p>19 horas<br \/>EL SILENCIO DE LOS HOMBRES<br \/>Argentina \u2013 Documental \u2013 2023 \u2013 78 min \u2013 SAM 13<br \/>Direcci\u00f3n: Luc\u00eda Lubarsky<br \/>Guion: Luc\u00eda Lubarsky<br \/>Producci\u00f3n: Fito Pochat<br \/>Compa\u00f1\u00eda productora: Motoneta Cine<br \/>Direcci\u00f3n de fotograf\u00eda: Lucas Palacios<br \/>Con: Marcelo Lubarsky, Valent\u00edn Lubarsky, Andr\u00e9s Beil, Gabriel Camacho, Emmanuel Valentino Fern\u00e1ndez<\/p>\n\n\n\n<p>Sala Fernando Birri<\/p>\n\n\n\n<p>16:15 y 22:15 horas<br \/>FRAGMENTADA<br \/>Argentina \u2013 Ficci\u00f3n\/Suspenso \u2013 2023 \u2013 104 min \u2013 SAM 16<br \/>Direcci\u00f3n: Facundo Escudero Salinas<br \/>Guion: Facundo Escudero Salinas<br \/>Producci\u00f3n: Nicol\u00e1s M\u00fcnzel Cama\u00f1o, Facundo Escudero Salinas<br \/>Compa\u00f1\u00edas productoras: Pensilvania Films, U-FILMS<br \/>Direcci\u00f3n de fotograf\u00eda: Fernando Lorenzale (ADF)<br \/>Elenco: Jazm\u00edn Stuart, C\u00e9sar Bord\u00f3n, Beatriz Spelzini, Juana Bosco, Paula Tabachnik, Gustavo Pardi<\/p>\n\n\n\n<p>20:15 horas<br \/>Programa doble<br \/>DO\u00d1A UBENZA<br \/>Argentina \u2013 Corto\/Animaci\u00f3n\/Ficci\u00f3n \u2013 2015 \u2013 4 min<br \/>Direcci\u00f3n: Juan Manuel Costa<br \/>Guion: Juan Manuel Costa<br \/>Producci\u00f3n: Juan Manuel Costa, Mariana Carrizo<br \/>Compa\u00f1\u00eda productora: El Birque Animaciones<br \/>Fotograf\u00eda: Juan Manuel Costa<br \/>+<br \/>PULSANDO LA VIDA<br \/>Argentina \u2013 Documental \u2013 2023 \u2013 93 min \u2013 ATP<br \/>Direcci\u00f3n: Mar\u00eda Laura Piastrellini<br \/>Guion: Mar\u00eda Laura Piastrellini, Ulises Naranjo<br \/>Producci\u00f3n: Ciro N\u00e9stor Novelli<br \/>Compa\u00f1\u00eda productora: Curandero Producciones<br \/>Direcci\u00f3n de fotograf\u00eda: Carlos Leiva<br \/>Tema final de la pel\u00edcula: Peteco Carabajal<br \/>Con: Marcelino Azaguate, Fabi\u00e1n Navarro, Beatriz Ferreyra, Silvia Barrios<br \/>Participaci\u00f3n de: Juan Fal\u00fa, Raly Barrionuevo, Fernando Barrientos, Julio Paz (D\u00fao Coplanacu), Melisa Budini, Anabel Molina, \u00c1ngel Cataldo, Armando Navarro, Octavio \u201cPepe\u201d S\u00e1nchez, Leopoldo \u201cPolo\u201d Mart\u00ed, Peteco Carabajal, Algarroba.Com, El Tr\u00e9bol Mercedino<\/p>\n\n\n\n<p>CINE GAUMONT &#8211; Av. Rivadavia 1635, CABA.<br \/>Las entradas para el p\u00fablico general tienen un valor de: $400.-<br \/>Descuentos: Jubilados y pensionados: $200.-<br \/>Estudiantes de todos los niveles educativos: $200.-<br \/>Afiliados de A.A.A. (Asoc. Argentina de Actores), SADOP, ATE, UPCN, SUTERH, AEFYP y SICA: $200.-<br \/>Personas con certificado de discapacidad: 10% del valor del BOC.<\/p>\n\n\n\n<p>La Red de Espacios INCAA es un programa federal del Instituto Nacional de Cine y Artes Audiovisuales que busca garantizar la exhibici\u00f3n de las producciones nacionales en todo el pa\u00eds, para que el p\u00fablico pueda disfrutar de proyecciones de cine con entradas a precios accesibles.<\/p>\n\n\n\n<p>CINE.AR TV es el canal de televisi\u00f3n del Instituto Nacional de Cine y Artes Audiovisuales. Cuenta con una programaci\u00f3n nacional las 24 horas, sin cortes comerciales. La grilla incluye pel\u00edculas, cortometrajes y programas de producci\u00f3n propia que abarcan diversas tem\u00e1ticas, para un p\u00fablico de todas las edades. El canal se encuentra en el 22.4 de TDA, 867 de Flow Clasico, 300 de Flow TV Digital, 512 de DirecTV, 400 de Telecentro Digital, 1049 de Telecentro HD, 48 de Megacable, 63 de Antina, 219 de Telered, 19.3\/400 de GigaRED, 300 de Cablevideo, 618 de Del viento TV y 216 de Dibox.<\/p>\n\n\n\n<p>CINE.AR PLAY es la plataforma de Video a Demanda (VOD) del INCAA y ARSAT, que cuenta con un cat\u00e1logo gratuito de pel\u00edculas, series y cortometrajes de todos los g\u00e9neros y estilos. Es de muy f\u00e1cil registro, est\u00e1 disponible en todo el pa\u00eds y se puede acceder desde cualquier parte del mundo. Sus contenidos pueden verse a trav\u00e9s de una computadora, tablet, celular o Smart TV.<\/p>\n\n\n\n<figure class=\"wp-block-gallery has-nested-images columns-default is-cropped wp-block-gallery-1 is-layout-flex wp-block-gallery-is-layout-flex\">\n\n\n<figure class=\"wp-block-image size-large\"><img decoding=\"async\" data-id=\"15516\" src=\"https:\/\/radiolarioja.com.ar\/rlr\/wp-content\/uploads\/2023\/08\/Amigas_horizontal6-1024x576.png\" alt=\"\" class=\"wp-image-15516\"\/><\/figure>\n\n\n\n\n\n\n\n\n\n\n<\/figure>\n","protected":false},"excerpt":{"rendered":"<p>ESTRENOS Y NOVEDADES EN LAS PANTALLAS DEL INCAABuenos Aires, lunes 14 de agosto de 2023.- El Instituto Nacional<\/p>\n","protected":false},"author":2,"featured_media":15515,"comment_status":"open","ping_status":"open","sticky":false,"template":"","format":"standard","meta":{"footnotes":""},"categories":[15],"tags":[],"class_list":["post-15512","post","type-post","status-publish","format-standard","has-post-thumbnail","hentry","category-nacional"],"featured_image_urls":{"full":"","thumbnail":"","medium":"","medium_large":"","large":"","1536x1536":"","2048x2048":"","morenews-large":"","morenews-medium":""},"author_info":{"info":["RadioLaRioja"]},"category_info":"<a href=\"https:\/\/radiolarioja.com.ar\/rlr\/category\/nacional\/\" rel=\"category tag\">Nacional<\/a>","tag_info":"Nacional","comment_count":"0","_links":{"self":[{"href":"https:\/\/radiolarioja.com.ar\/rlr\/wp-json\/wp\/v2\/posts\/15512","targetHints":{"allow":["GET"]}}],"collection":[{"href":"https:\/\/radiolarioja.com.ar\/rlr\/wp-json\/wp\/v2\/posts"}],"about":[{"href":"https:\/\/radiolarioja.com.ar\/rlr\/wp-json\/wp\/v2\/types\/post"}],"author":[{"embeddable":true,"href":"https:\/\/radiolarioja.com.ar\/rlr\/wp-json\/wp\/v2\/users\/2"}],"replies":[{"embeddable":true,"href":"https:\/\/radiolarioja.com.ar\/rlr\/wp-json\/wp\/v2\/comments?post=15512"}],"version-history":[{"count":0,"href":"https:\/\/radiolarioja.com.ar\/rlr\/wp-json\/wp\/v2\/posts\/15512\/revisions"}],"wp:featuredmedia":[{"embeddable":true,"href":"https:\/\/radiolarioja.com.ar\/rlr\/wp-json\/"}],"wp:attachment":[{"href":"https:\/\/radiolarioja.com.ar\/rlr\/wp-json\/wp\/v2\/media?parent=15512"}],"wp:term":[{"taxonomy":"category","embeddable":true,"href":"https:\/\/radiolarioja.com.ar\/rlr\/wp-json\/wp\/v2\/categories?post=15512"},{"taxonomy":"post_tag","embeddable":true,"href":"https:\/\/radiolarioja.com.ar\/rlr\/wp-json\/wp\/v2\/tags?post=15512"}],"curies":[{"name":"wp","href":"https:\/\/api.w.org\/{rel}","templated":true}]}}