{"id":15508,"date":"2023-08-15T22:40:44","date_gmt":"2023-08-16T01:40:44","guid":{"rendered":"https:\/\/radiolarioja.com.ar\/rlr\/?p=15508"},"modified":"2023-08-15T22:40:44","modified_gmt":"2023-08-16T01:40:44","slug":"charly-garcia-ya-en-casa-gracias-a-todos-por-preocuparse-snm","status":"publish","type":"post","link":"https:\/\/radiolarioja.com.ar\/rlr\/charly-garcia-ya-en-casa-gracias-a-todos-por-preocuparse-snm\/","title":{"rendered":"Charly Garc\u00eda: \u201c\u00a1Ya en casa! Gracias a todos por preocuparse. SNM\u201d"},"content":{"rendered":"\n<p>Este martes por la tarde, Charly Garc\u00eda recibi\u00f3 el Alta M\u00e9dica tras estar internado en el Instituto Argentino del Diagn\u00f3stico y el Tratamiento en Recoleta desde el d\u00eda 12 de este mes. <\/p>\n\n\n\n<p>El mismo lo confirm\u00f3 a trav\u00e9s de sus redes sociales que ya se encuentra en su casa:<\/p>\n\n\n\n<p> \u201c\u00a1Ya en casa! Gracias a todos por preocuparse. SNM\u201d.<\/p>\n\n\n\n<figure class=\"wp-block-image size-full is-resized\"><img fetchpriority=\"high\" decoding=\"async\" src=\"https:\/\/radiolarioja.com.ar\/rlr\/wp-content\/uploads\/2023\/08\/F3nRvgQWEAIpkBp.webp\" alt=\"\" class=\"wp-image-15509\" style=\"width:958px;height:1166px\" width=\"958\" height=\"1166\"\/><\/figure>\n\n\n\n<figure class=\"wp-block-embed is-type-video is-provider-youtube wp-block-embed-youtube wp-embed-aspect-4-3 wp-has-aspect-ratio\"><div class=\"wp-block-embed__wrapper\">\n<iframe title=\"Charly Garc\u00eda - Promesas Sobre El Bidet\" width=\"640\" height=\"480\" src=\"https:\/\/www.youtube.com\/embed\/7oMApe1k-o4?feature=oembed\" frameborder=\"0\" allow=\"accelerometer; autoplay; clipboard-write; encrypted-media; gyroscope; picture-in-picture; web-share\" referrerpolicy=\"strict-origin-when-cross-origin\" allowfullscreen><\/iframe>\n<\/div><\/figure>\n","protected":false},"excerpt":{"rendered":"<p>Este martes por la tarde, Charly Garc\u00eda recibi\u00f3 el Alta M\u00e9dica tras estar internado en el Instituto Argentino<\/p>\n","protected":false},"author":2,"featured_media":15509,"comment_status":"open","ping_status":"open","sticky":false,"template":"","format":"standard","meta":{"footnotes":""},"categories":[15,19],"tags":[],"class_list":["post-15508","post","type-post","status-publish","format-standard","has-post-thumbnail","hentry","category-nacional","category-sociedad"],"featured_image_urls":{"full":"","thumbnail":"","medium":"","medium_large":"","large":"","1536x1536":"","2048x2048":"","morenews-large":"","morenews-medium":""},"author_info":{"info":["RadioLaRioja"]},"category_info":"<a href=\"https:\/\/radiolarioja.com.ar\/rlr\/category\/nacional\/\" rel=\"category tag\">Nacional<\/a> <a href=\"https:\/\/radiolarioja.com.ar\/rlr\/category\/sociedad\/\" rel=\"category tag\">Sociedad<\/a>","tag_info":"Sociedad","comment_count":"0","_links":{"self":[{"href":"https:\/\/radiolarioja.com.ar\/rlr\/wp-json\/wp\/v2\/posts\/15508","targetHints":{"allow":["GET"]}}],"collection":[{"href":"https:\/\/radiolarioja.com.ar\/rlr\/wp-json\/wp\/v2\/posts"}],"about":[{"href":"https:\/\/radiolarioja.com.ar\/rlr\/wp-json\/wp\/v2\/types\/post"}],"author":[{"embeddable":true,"href":"https:\/\/radiolarioja.com.ar\/rlr\/wp-json\/wp\/v2\/users\/2"}],"replies":[{"embeddable":true,"href":"https:\/\/radiolarioja.com.ar\/rlr\/wp-json\/wp\/v2\/comments?post=15508"}],"version-history":[{"count":0,"href":"https:\/\/radiolarioja.com.ar\/rlr\/wp-json\/wp\/v2\/posts\/15508\/revisions"}],"wp:featuredmedia":[{"embeddable":true,"href":"https:\/\/radiolarioja.com.ar\/rlr\/wp-json\/"}],"wp:attachment":[{"href":"https:\/\/radiolarioja.com.ar\/rlr\/wp-json\/wp\/v2\/media?parent=15508"}],"wp:term":[{"taxonomy":"category","embeddable":true,"href":"https:\/\/radiolarioja.com.ar\/rlr\/wp-json\/wp\/v2\/categories?post=15508"},{"taxonomy":"post_tag","embeddable":true,"href":"https:\/\/radiolarioja.com.ar\/rlr\/wp-json\/wp\/v2\/tags?post=15508"}],"curies":[{"name":"wp","href":"https:\/\/api.w.org\/{rel}","templated":true}]}}