{"id":15499,"date":"2023-08-15T22:14:17","date_gmt":"2023-08-16T01:14:17","guid":{"rendered":"https:\/\/radiolarioja.com.ar\/rlr\/?p=15499"},"modified":"2023-08-15T22:14:17","modified_gmt":"2023-08-16T01:14:17","slug":"de-cara-al-ciclo-2024-la-unlar-realizara-la-expo-carreras-para-difundir-su-oferta-academica","status":"publish","type":"post","link":"https:\/\/radiolarioja.com.ar\/rlr\/de-cara-al-ciclo-2024-la-unlar-realizara-la-expo-carreras-para-difundir-su-oferta-academica\/","title":{"rendered":"De cara al ciclo 2024, la UNLaR realizar\u00e1 la Expo Carreras para difundir su oferta acad\u00e9mica"},"content":{"rendered":"\n<p>Un a\u00f1o m\u00e1s, la Universidad Nacional de La Rioja se prepara para llevar a cabo uno de los eventos m\u00e1s esperados por estudiantes del \u00faltimo a\u00f1o del nivel secundario, a trav\u00e9s del cual acceden a la oferta acad\u00e9mica de pregrado, grado, posgrado y de oficios que ofrece esta Casa de Altos Estudios. La edici\u00f3n 2023 se realizar\u00e1 del 22 al 25 de agosto, de manera presencial en las instalaciones de la UNLaR y se habilitar\u00e1 la opci\u00f3n virtual para facilitar el acceso de la informaci\u00f3n.<br \/>Expo.jpg<\/p>\n\n\n\n<p>El evento, organizado por las Secretar\u00edas de Asuntos Estudiantiles y de Asuntos Acad\u00e9micos, se extender\u00e1 por cuatro d\u00edas, y las actividades se desarrollar\u00e1n en los horarios de 9 a 12:30 y de 14:00 a 18:00 horas, donde las y los estudiantes aspirantes a cursar una carrera en la UNLaR podr\u00e1n acceder a informaci\u00f3n y contenidos en los stands que dispondr\u00e1 cada departamento acad\u00e9mico; como as\u00ed tambi\u00e9n se brindar\u00e1n talleres opcionales de Orientaci\u00f3n Vocacional y de Nuevas Tecnolog\u00edas en el Aula Maker.<\/p>\n\n\n\n<p>En tanto que la Expo Carrera virtual se presentar\u00e1 a trav\u00e9s del siguiente link https:\/\/saeunlar.ar\/expocarreras\/, mediante el cual quienes no pueden acercarse de manera presencial a la universidad pueden tener acceso a la informaci\u00f3n necesaria sobre planes de estudios, requisitos de inscripci\u00f3n, mapa universitario, orientaci\u00f3n vocacional y dem\u00e1s informaci\u00f3n que se requiere para ingresar a la UNLaR.<\/p>\n\n\n\n<p>Desde la organizaci\u00f3n comentaron que este a\u00f1o se espera la participaci\u00f3n de m\u00e1s de 10 mil estudiantes, de Capital y del interior de la provincia, para que se interioricen sobre la oferta acad\u00e9mica de nuestra Casa de Altos Estudios, y formen parte de las visitas guiadas por las instalaciones de la instituci\u00f3n.<\/p>\n\n\n\n<figure class=\"wp-block-image size-full\"><img decoding=\"async\" src=\"https:\/\/radiolarioja.com.ar\/rlr\/wp-content\/uploads\/2023\/08\/Expo.jpg\" alt=\"\" class=\"wp-image-15502\"\/><\/figure>\n","protected":false},"excerpt":{"rendered":"<p>Un a\u00f1o m\u00e1s, la Universidad Nacional de La Rioja se prepara para llevar a cabo uno de los<\/p>\n","protected":false},"author":2,"featured_media":15502,"comment_status":"open","ping_status":"open","sticky":false,"template":"","format":"standard","meta":{"footnotes":""},"categories":[12],"tags":[],"class_list":["post-15499","post","type-post","status-publish","format-standard","has-post-thumbnail","hentry","category-local"],"featured_image_urls":{"full":"","thumbnail":"","medium":"","medium_large":"","large":"","1536x1536":"","2048x2048":"","morenews-large":"","morenews-medium":""},"author_info":{"info":["RadioLaRioja"]},"category_info":"<a href=\"https:\/\/radiolarioja.com.ar\/rlr\/category\/local\/\" rel=\"category tag\">Local<\/a>","tag_info":"Local","comment_count":"0","_links":{"self":[{"href":"https:\/\/radiolarioja.com.ar\/rlr\/wp-json\/wp\/v2\/posts\/15499","targetHints":{"allow":["GET"]}}],"collection":[{"href":"https:\/\/radiolarioja.com.ar\/rlr\/wp-json\/wp\/v2\/posts"}],"about":[{"href":"https:\/\/radiolarioja.com.ar\/rlr\/wp-json\/wp\/v2\/types\/post"}],"author":[{"embeddable":true,"href":"https:\/\/radiolarioja.com.ar\/rlr\/wp-json\/wp\/v2\/users\/2"}],"replies":[{"embeddable":true,"href":"https:\/\/radiolarioja.com.ar\/rlr\/wp-json\/wp\/v2\/comments?post=15499"}],"version-history":[{"count":0,"href":"https:\/\/radiolarioja.com.ar\/rlr\/wp-json\/wp\/v2\/posts\/15499\/revisions"}],"wp:featuredmedia":[{"embeddable":true,"href":"https:\/\/radiolarioja.com.ar\/rlr\/wp-json\/"}],"wp:attachment":[{"href":"https:\/\/radiolarioja.com.ar\/rlr\/wp-json\/wp\/v2\/media?parent=15499"}],"wp:term":[{"taxonomy":"category","embeddable":true,"href":"https:\/\/radiolarioja.com.ar\/rlr\/wp-json\/wp\/v2\/categories?post=15499"},{"taxonomy":"post_tag","embeddable":true,"href":"https:\/\/radiolarioja.com.ar\/rlr\/wp-json\/wp\/v2\/tags?post=15499"}],"curies":[{"name":"wp","href":"https:\/\/api.w.org\/{rel}","templated":true}]}}