{"id":15492,"date":"2023-08-15T22:11:43","date_gmt":"2023-08-16T01:11:43","guid":{"rendered":"https:\/\/radiolarioja.com.ar\/rlr\/?p=15492"},"modified":"2023-08-15T22:11:43","modified_gmt":"2023-08-16T01:11:43","slug":"la-region-norte-organiza-el-1er-foro-regional-de-turismo","status":"publish","type":"post","link":"https:\/\/radiolarioja.com.ar\/rlr\/la-region-norte-organiza-el-1er-foro-regional-de-turismo\/","title":{"rendered":"La Regi\u00f3n Norte organiza el \u201c1er Foro Regional de Turismo\u201d"},"content":{"rendered":"\n<p><span style=\"background-color:#ffbfb5\" class=\"td_text_highlight_marker\">EL 5 DE SEPTIEMBRE EN SALTA<\/span><\/p>\n\n\n\n<figure class=\"wp-block-image size-large\"><img decoding=\"async\" src=\"https:\/\/radiolarioja.com.ar\/rlr\/wp-content\/uploads\/2023\/08\/Foro-Nacional-Turismo-2023-foto-archivo-1024x575.jpeg\" alt=\"\" class=\"wp-image-15497\"\/><\/figure>\n\n\n\n<p><strong>La Regi\u00f3n Norte organiza el \u201c1er Foro Regional de Turismo\u201d<\/strong><\/p>\n\n\n\n<p>Catamarca junto a las provincias de Santiago del Estero, Jujuy, Salta, Tucum\u00e1n y La Rioja, provincias integrantes de la Regi\u00f3n Norte, organizan el pr\u00f3ximo martes 5 de septiembre en el Centro de Convenciones de Salta, el Primer Foro Regional de Turismo del Norte, con el objetivo de articular el trabajo para profundizar el posicionamiento de la marca Norte como destino y promover el desarrollo de experiencias sustentables.<\/p>\n\n\n\n<p>El evento convocar\u00e1 a prestigiosos profesionales de nivel nacional e internacional para trabajar diversas tem\u00e1ticas vinculadas al desarrollo de experiencias tur\u00edsticas sostenibles de gesti\u00f3n integrada, posicionamiento e internacionalizaci\u00f3n regional para su crecimiento y est\u00e1 dirigido a actores, profesionales y estudiantes del sector tur\u00edstico.<\/p>\n\n\n\n<p>Adem\u00e1s de fortalecer las capacidades provinciales y municipales relacionadas con la integraci\u00f3n regional p\u00fablico\/privada en materia de desarrollo y promoci\u00f3n tur\u00edstica, se presentar\u00e1n herramientas, acciones y casos de \u00e9xito para potenciar el turismo regional a trav\u00e9s de charlas, paneles y din\u00e1micas vinculadas que promuevan el intercambio entre participantes, expertos y el ecosistema tur\u00edstico.<\/p>\n\n\n\n<p><strong>Catamarca presente<\/strong><\/p>\n\n\n\n<p>Desde el Ministerio de Cultura, Turismo y Deporte se pondr\u00e1 a disposici\u00f3n un \u00f3mnibus exclusivo para llevar a representantes tur\u00edsticos desde Catamarca hasta el evento en Salta y de regreso. El servicio saldr\u00e1 desde nuestra provincia el lunes 4 de septiembre por la ma\u00f1ana y regresar\u00e1 el martes 5 de septiembre una vez finalizado el foro.<\/p>\n\n\n\n<p><strong>Por informaci\u00f3n comunicarse al whatsapp 3834 803590.<\/strong><\/p>\n\n\n\n<p>Para inscribirse en el Primer Foro Regional de Turismo del Norte usar el siguiente link: https:\/\/bit.ly\/1FOROTURNOA<\/p>\n\n\n\n<figure class=\"wp-block-image size-large\"><img decoding=\"async\" src=\"https:\/\/radiolarioja.com.ar\/rlr\/wp-content\/uploads\/2023\/08\/foro-turismo-1024x1024.jpeg\" alt=\"\" class=\"wp-image-15496\"\/><\/figure>\n\n\n\n<p><strong>CRONOGRAMA<\/strong><\/p>\n\n\n\n<p>8:00 hs: Acreditaciones<\/p>\n\n\n\n<p>9:00 hs: Saludo de bienvenida<\/p>\n\n\n\n<p>A cargo de autoridades del Ente Norte<\/p>\n\n\n\n<p>9:15 hs: El contexto actual del turismo en Argentina. Proyecci\u00f3n Internacional<\/p>\n\n\n\n<p>Panel de presidentes Regiones Tur\u00edsticas de Argentina<\/p>\n\n\n\n<p>Alejandro Lastra (presidente Regi\u00f3n Centro) Soledad Mart\u00ednez (presidente Regi\u00f3n Buenos Aires) Luis Macagno (presidente Regi\u00f3n Cuyo)<\/p>\n\n\n\n<p>Nelson Bravo (presidente Regi\u00f3n Norte)<\/p>\n\n\n\n<p>Diego Cannestraci (presidente Regi\u00f3n Patagonia) Jos\u00e9 Mar\u00eda Arr\u00faa (presidente Regi\u00f3n Litoral)<\/p>\n\n\n\n<p>10:00 hs. Panel con operadores receptivos<\/p>\n\n\n\n<p>Modera: Referente provincial<\/p>\n\n\n\n<p>10:20 hs: Experiencia de articulaci\u00f3n integrada para el desarrollo e internacionalizaci\u00f3n de los destinos<\/p>\n\n\n\n<ul class=\"wp-block-list\">\n<li>Caso Mundo Maya. V\u00edctor Chal\u00e9. Consultor OMT. M\u00e9xico<\/li>\n<\/ul>\n\n\n\n<p>11:00 hs: La M\u00fasica de las Ideas.<\/p>\n\n\n\n<p>Creatividad aplicada al dise\u00f1o de experiencias tur\u00edsticas sostenibles<\/p>\n\n\n\n<ul class=\"wp-block-list\">\n<li>Dr. Sergio Feferovich APERTURA OFICIAL<\/li>\n<\/ul>\n\n\n\n<p>12:40 hs: Construyendo Futuro<\/p>\n\n\n\n<p>Espacio de motivaci\u00f3n para el trabajo en equipo<\/p>\n\n\n\n<ul class=\"wp-block-list\">\n<li>Magui Aicega. Ex capitana de las Leonas.<\/li>\n<\/ul>\n\n\n\n<p>15:00 hs: \u201cDise\u00f1os Inteligentes\u201d para el desarrollo, internacionalizaci\u00f3n de Experiencias Tur\u00edsticas Sostenibles de gesti\u00f3n integrada.<\/p>\n\n\n\n<ul class=\"wp-block-list\">\n<li>V\u00edctor Chal\u00e9. M\u00e9xico. Consultor de la OMT.<\/li>\n<\/ul>\n\n\n\n<p>TALLER Dise\u00f1o de Experiencias Tur\u00edsticas inteligentes, Sostenibles.<\/p>\n\n\n\n<p>16:30: Comunicaci\u00f3n y Marketing Digital para el turismo<\/p>\n\n\n\n<p>Sector p\u00fablico y privado.<\/p>\n\n\n\n<ul class=\"wp-block-list\">\n<li>Mario Pergolini.<\/li>\n<\/ul>\n","protected":false},"excerpt":{"rendered":"<p>EL 5 DE SEPTIEMBRE EN SALTA La Regi\u00f3n Norte organiza el \u201c1er Foro Regional de Turismo\u201d Catamarca junto<\/p>\n","protected":false},"author":2,"featured_media":15497,"comment_status":"open","ping_status":"open","sticky":false,"template":"","format":"standard","meta":{"footnotes":""},"categories":[15],"tags":[],"class_list":["post-15492","post","type-post","status-publish","format-standard","has-post-thumbnail","hentry","category-nacional"],"featured_image_urls":{"full":"","thumbnail":"","medium":"","medium_large":"","large":"","1536x1536":"","2048x2048":"","morenews-large":"","morenews-medium":""},"author_info":{"info":["RadioLaRioja"]},"category_info":"<a href=\"https:\/\/radiolarioja.com.ar\/rlr\/category\/nacional\/\" rel=\"category tag\">Nacional<\/a>","tag_info":"Nacional","comment_count":"0","_links":{"self":[{"href":"https:\/\/radiolarioja.com.ar\/rlr\/wp-json\/wp\/v2\/posts\/15492","targetHints":{"allow":["GET"]}}],"collection":[{"href":"https:\/\/radiolarioja.com.ar\/rlr\/wp-json\/wp\/v2\/posts"}],"about":[{"href":"https:\/\/radiolarioja.com.ar\/rlr\/wp-json\/wp\/v2\/types\/post"}],"author":[{"embeddable":true,"href":"https:\/\/radiolarioja.com.ar\/rlr\/wp-json\/wp\/v2\/users\/2"}],"replies":[{"embeddable":true,"href":"https:\/\/radiolarioja.com.ar\/rlr\/wp-json\/wp\/v2\/comments?post=15492"}],"version-history":[{"count":0,"href":"https:\/\/radiolarioja.com.ar\/rlr\/wp-json\/wp\/v2\/posts\/15492\/revisions"}],"wp:featuredmedia":[{"embeddable":true,"href":"https:\/\/radiolarioja.com.ar\/rlr\/wp-json\/"}],"wp:attachment":[{"href":"https:\/\/radiolarioja.com.ar\/rlr\/wp-json\/wp\/v2\/media?parent=15492"}],"wp:term":[{"taxonomy":"category","embeddable":true,"href":"https:\/\/radiolarioja.com.ar\/rlr\/wp-json\/wp\/v2\/categories?post=15492"},{"taxonomy":"post_tag","embeddable":true,"href":"https:\/\/radiolarioja.com.ar\/rlr\/wp-json\/wp\/v2\/tags?post=15492"}],"curies":[{"name":"wp","href":"https:\/\/api.w.org\/{rel}","templated":true}]}}