{"id":15458,"date":"2023-08-15T21:53:16","date_gmt":"2023-08-16T00:53:16","guid":{"rendered":"https:\/\/radiolarioja.com.ar\/rlr\/?p=15458"},"modified":"2023-08-15T21:53:16","modified_gmt":"2023-08-16T00:53:16","slug":"catamarca-vuelve-la-feria-del-libro-bajo-el-lema-democracia-con-todas-las-letras","status":"publish","type":"post","link":"https:\/\/radiolarioja.com.ar\/rlr\/catamarca-vuelve-la-feria-del-libro-bajo-el-lema-democracia-con-todas-las-letras\/","title":{"rendered":"Catamarca: Vuelve la Feria del Libro bajo el lema \u201cDemocracia con todas las letras\u201d"},"content":{"rendered":"\n<p><strong>SE REALIZAR\u00c1 DEL 9 AL 15 DE OCTUBRE EN EL PREDIO FERIAL<\/strong><\/p>\n\n\n\n<p><span style=\"background-color:#ffbfb5\" class=\"td_text_highlight_marker\">Vuelve la Feria del Libro bajo el lema \u201cDemocracia con todas las letras\u201d<\/span><\/p>\n\n\n\n<p>Octubre se llenar\u00e1 de letras en el Predio Ferial Catamarca con el regreso de la Feria Provincial del Libro, que este a\u00f1o tendr\u00e1 su edici\u00f3n XV y se realizar\u00e1 bajo el lema \u201cDemocracia con todas las letras\u201d, durante la semana del 9 al 15 de octubre.<\/p>\n\n\n\n<p>Este evento, de gran aceptaci\u00f3n dentro del calendario cultural, propone la valorizaci\u00f3n del libro, tom\u00e1ndolo como \u2018objeto com\u00fan y democr\u00e1tico\u2019, al alcance de todos. Adem\u00e1s, como recurso contenedor de la memoria y el sentir catamarque\u00f1o, la feria busca visibilizar la producci\u00f3n literaria e intelectual de la provincia.<\/p>\n\n\n\n<p>El evento literario contar\u00e1 con un pabell\u00f3n central -en el sal\u00f3n Peregrina Z\u00e1rate- donde estar\u00e1n los stands con diversas propuestas editoriales, un escenario principal destinado a presentaciones de libros, charlas, conferencias y recitales, y otros espacios paralelos como el Caf\u00e9 Literario, el Espacio Infantil y un auditorio donde se prev\u00e9 realizar talleres, capacitaciones, ciclos de cine y literatura, propuestas de narraci\u00f3n, entre otras actividades.<\/p>\n\n\n\n<p>La Feria del Libro, adem\u00e1s de ser un espacio para lectores, libros y autores, propone actividades para vincular la palabra con otras manifestaciones art\u00edsticas como teatro, composici\u00f3n musical, audiovisual; y fortalecer la industria cultural catamarque\u00f1a con la promoci\u00f3n de autores y editoriales locales.<\/p>\n\n\n\n<p><strong>Convocatoria a presentaci\u00f3n de propuestas<\/strong><\/p>\n\n\n\n<p>Con la intenci\u00f3n de hacer un proceso participativo y abrir a la comunidad y a los actores culturales la posibilidad de ser parte de la feria, la Direcci\u00f3n de Bibliotecas y Archivo de la Secretar\u00eda de Gesti\u00f3n Cultural del Ministerio de Cultura, Turismo y Deporte convoca a autores, gestores y productores culturales, docentes e interesados en presentar sus propuestas para integrar la programaci\u00f3n de la feria.<\/p>\n\n\n\n<p>Las propuestas para participar pueden registrarse a trav\u00e9s del formulario de inscripci\u00f3n https:\/\/bit.ly\/ferialibroconvocatoria hasta el 10 de septiembre.<\/p>\n\n\n\n<p><strong>Hasta el 25 de septiembre se confirmar\u00e1 la aceptaci\u00f3n de las propuestas recibidas, a fin de poder cerrar la programaci\u00f3n.<\/strong><\/p>\n\n\n\n<figure class=\"wp-block-gallery has-nested-images columns-default is-cropped wp-block-gallery-1 is-layout-flex wp-block-gallery-is-layout-flex\">\n<figure class=\"wp-block-image size-large\"><img decoding=\"async\" data-id=\"15481\" src=\"https:\/\/radiolarioja.com.ar\/rlr\/wp-content\/uploads\/2023\/08\/Cultura_0190-1024x682.jpg\" alt=\"\" class=\"wp-image-15481\"\/><\/figure>\n\n\n\n<figure class=\"wp-block-image size-large\"><img decoding=\"async\" data-id=\"15484\" src=\"https:\/\/radiolarioja.com.ar\/rlr\/wp-content\/uploads\/2023\/08\/Cultura_0645-1024x683.jpg\" alt=\"\" class=\"wp-image-15484\"\/><\/figure>\n\n\n\n<figure class=\"wp-block-image size-large\"><img decoding=\"async\" data-id=\"15482\" src=\"https:\/\/radiolarioja.com.ar\/rlr\/wp-content\/uploads\/2023\/08\/flyer-Feria-del-Libro-2023-anuncio-1024x1024.png\" alt=\"\" class=\"wp-image-15482\"\/><\/figure>\n\n\n\n<figure class=\"wp-block-image size-large\"><img decoding=\"async\" data-id=\"15483\" src=\"https:\/\/radiolarioja.com.ar\/rlr\/wp-content\/uploads\/2023\/08\/flyer-Feria-del-Libro-2023-QR-convocatoria-1024x1024.png\" alt=\"\" class=\"wp-image-15483\"\/><\/figure>\n<\/figure>\n","protected":false},"excerpt":{"rendered":"<p>SE REALIZAR\u00c1 DEL 9 AL 15 DE OCTUBRE EN EL PREDIO FERIAL Vuelve la Feria del Libro bajo<\/p>\n","protected":false},"author":2,"featured_media":15481,"comment_status":"open","ping_status":"open","sticky":false,"template":"","format":"standard","meta":{"footnotes":""},"categories":[12],"tags":[],"class_list":["post-15458","post","type-post","status-publish","format-standard","has-post-thumbnail","hentry","category-local"],"featured_image_urls":{"full":"","thumbnail":"","medium":"","medium_large":"","large":"","1536x1536":"","2048x2048":"","morenews-large":"","morenews-medium":""},"author_info":{"info":["RadioLaRioja"]},"category_info":"<a href=\"https:\/\/radiolarioja.com.ar\/rlr\/category\/local\/\" rel=\"category tag\">Local<\/a>","tag_info":"Local","comment_count":"0","_links":{"self":[{"href":"https:\/\/radiolarioja.com.ar\/rlr\/wp-json\/wp\/v2\/posts\/15458","targetHints":{"allow":["GET"]}}],"collection":[{"href":"https:\/\/radiolarioja.com.ar\/rlr\/wp-json\/wp\/v2\/posts"}],"about":[{"href":"https:\/\/radiolarioja.com.ar\/rlr\/wp-json\/wp\/v2\/types\/post"}],"author":[{"embeddable":true,"href":"https:\/\/radiolarioja.com.ar\/rlr\/wp-json\/wp\/v2\/users\/2"}],"replies":[{"embeddable":true,"href":"https:\/\/radiolarioja.com.ar\/rlr\/wp-json\/wp\/v2\/comments?post=15458"}],"version-history":[{"count":0,"href":"https:\/\/radiolarioja.com.ar\/rlr\/wp-json\/wp\/v2\/posts\/15458\/revisions"}],"wp:featuredmedia":[{"embeddable":true,"href":"https:\/\/radiolarioja.com.ar\/rlr\/wp-json\/"}],"wp:attachment":[{"href":"https:\/\/radiolarioja.com.ar\/rlr\/wp-json\/wp\/v2\/media?parent=15458"}],"wp:term":[{"taxonomy":"category","embeddable":true,"href":"https:\/\/radiolarioja.com.ar\/rlr\/wp-json\/wp\/v2\/categories?post=15458"},{"taxonomy":"post_tag","embeddable":true,"href":"https:\/\/radiolarioja.com.ar\/rlr\/wp-json\/wp\/v2\/tags?post=15458"}],"curies":[{"name":"wp","href":"https:\/\/api.w.org\/{rel}","templated":true}]}}