{"id":14904,"date":"2023-08-09T13:19:15","date_gmt":"2023-08-09T16:19:15","guid":{"rendered":"https:\/\/radiolarioja.com\/rlr\/?p=14904"},"modified":"2023-08-09T13:19:15","modified_gmt":"2023-08-09T16:19:15","slug":"la-secretaria-de-derechos-humanos-solicito-que-sean-indagados-tres-ex-militares-y-un-civil-por-el-asesinato-del-obispo-carlos-ponce-de-leon","status":"publish","type":"post","link":"https:\/\/radiolarioja.com.ar\/rlr\/la-secretaria-de-derechos-humanos-solicito-que-sean-indagados-tres-ex-militares-y-un-civil-por-el-asesinato-del-obispo-carlos-ponce-de-leon\/","title":{"rendered":"La Secretar\u00eda de Derechos Humanos solicit\u00f3 que sean indagados tres ex militares y un civil por el asesinato del obispo Carlos Ponce de Le\u00f3n"},"content":{"rendered":"\n<p class=\"wp-block-paragraph\">El pedido alcanza a los oficiales del Ej\u00e9rcito Antonio Federico Bossie, Bernardo Luis Landa y Omar Andrada y a Sergio Carlos Bottini, acompa\u00f1ante del conductor de la camioneta contra la que impact\u00f3 el religioso.<\/p>\n\n\n\n<p class=\"wp-block-paragraph\">Luego de la reapertura de la causa por la muerte del obispo de San Nicol\u00e1s Carlos Ponce de Le\u00f3n durante la \u00faltima dictadura c\u00edvico-militar, la Secretar\u00eda de Derechos Humanos de La Naci\u00f3n (SDHN) solicit\u00f3 al juzgado federal 2 de San Nicol\u00e1s que llame a indagatoria a tres ex militares y un civil por su responsabilidad en los hechos.<\/p>\n\n\n\n<p class=\"wp-block-paragraph\">Los imputados son Antonio Federico Bossi\u00e9 y Bernardo Luis Landa, quienes integraron la plana mayor del \u00c1rea Militar 132 y del Batall\u00f3n de Ingenieros de Combate 101 de San Nicol\u00e1s; Omar Andrada, quien fue jefe de la Secci\u00f3n San Nicol\u00e1s del Destacamento de Inteligencia 101, y Sergio Carlos Bottini, quien acompa\u00f1aba al conductor de la camioneta contra la que choc\u00f3 el auto del religioso y era director de la empresa propietaria del veh\u00edculo.<\/p>\n\n\n\n<p class=\"wp-block-paragraph\">Ponce de Le\u00f3n era el obispo de San Nicol\u00e1s y falleci\u00f3 en un supuesto accidente de tr\u00e1nsito en la ma\u00f1ana del 11 de julio de 1977, cuando su auto impact\u00f3 contra una camioneta en la Ruta 9. El caso se cerr\u00f3 r\u00e1pidamente y el conductor del otro veh\u00edculo, Luis Antonio Mart\u00ednez, fue condenado por homicidio culposo un a\u00f1o despu\u00e9s. Sin embargo, con la vuelta de la democracia, surgieron nuevas pruebas que pusieron en duda que se haya tratado de un accidente, ya que el religioso era v\u00edctima de graves amenazas por pedir la liberaci\u00f3n de detenidos por razones pol\u00edticas.<\/p>\n\n\n\n<p class=\"wp-block-paragraph\">A partir de los pedidos realizados por la fiscal\u00eda y la querella de la Secretar\u00eda, en febrero de este a\u00f1o la Sala B de la C\u00e1mara Federal de Apelaciones de Rosario revirti\u00f3 una resoluci\u00f3n del Juzgado Federal 2 de San Nicol\u00e1s y resolvi\u00f3 hacer lugar a la reapertura de la causa y que la muerte del obispo se investigue como un crimen de lesa humanidad.<\/p>\n\n\n\n<p class=\"wp-block-paragraph\">A partir de ese fallo, la Secretar\u00eda present\u00f3 d\u00edas atr\u00e1s el pedido de indagatorias. En el escrito repas\u00f3 las irregularidades en la investigaci\u00f3n original realizada por la justicia bonaerense el a\u00f1o 1977 y las pruebas sobre la persecuci\u00f3n y amenazas que sufri\u00f3 el obispo por la defensa que realizaba en favor de todos los perseguidos por causas pol\u00edticas, gremiales, sociales o religiosas. Destac\u00f3 adem\u00e1s la investigaci\u00f3n del ingeniero Jorge Geretto, quien realiz\u00f3 una pericia clave para la reapertura de la causa en la que reconstruy\u00f3 la mec\u00e1nica de los hechos y concluy\u00f3 que la colisi\u00f3n no fue accidental sino que se habr\u00eda tratado de un atentado premeditado contra el obispo.<\/p>\n\n\n\n<p class=\"wp-block-paragraph\">Para la querella de la SDHN, Bossie, Landa y Andrada fueron autores mediatos ya que el \u00c1rea Militar 132 y la secci\u00f3n San Nicol\u00e1s del Destacamento de Inteligencia 101 estuvieron involucradas en la planificaci\u00f3n y ejecuci\u00f3n del crimen. En el caso de Bottini, fue imputado como autor directo del homicidio del obispo y de las lesiones que sufri\u00f3 su acompa\u00f1ante.<\/p>\n\n\n\n<p class=\"wp-block-paragraph\">A la lista de imputados se debe sumar el conductor de la camioneta, Luis Antonio Mart\u00ednez, quien ya fue condenado en 1977 por homicidio culposo. La Secretar\u00eda consider\u00f3 que debe ser convocado a declarar una vez que se encuentre firme la anulaci\u00f3n de la causa original dispuesta por la C\u00e1mara Federal de Apelaciones de Rosario.<\/p>\n\n\n\n<figure class=\"wp-block-image size-full is-resized\"><img fetchpriority=\"high\" decoding=\"async\" src=\"https:\/\/radiolarioja.com\/rlr\/wp-content\/uploads\/2023\/08\/descarga-8.jpg\" alt=\"\" class=\"wp-image-14906\" style=\"width:952px;height:634px\" width=\"952\" height=\"634\"\/><\/figure>\n","protected":false},"excerpt":{"rendered":"<p>El pedido alcanza a los oficiales del Ej\u00e9rcito Antonio Federico Bossie, Bernardo Luis Landa y Omar Andrada y a Sergio Carlos Bottini, acompa\u00f1ante del conductor de la camioneta contra la que impact\u00f3 el religioso. Luego de la reapertura de la causa por la muerte del obispo de San Nicol\u00e1s Carlos Ponce de Le\u00f3n durante la [&hellip;]<\/p>\n","protected":false},"author":2,"featured_media":14906,"comment_status":"open","ping_status":"open","sticky":false,"template":"","format":"standard","meta":{"tdm_status":"","tdm_grid_status":"","footnotes":""},"categories":[15],"tags":[],"class_list":["post-14904","post","type-post","status-publish","format-standard","has-post-thumbnail","category-nacional"],"featured_image_urls":{"full":"","thumbnail":"","medium":"","medium_large":"","large":"","1536x1536":"","2048x2048":"","td_218x150":"","td_324x400":"","td_485x360":"","td_696x0":"","td_1068x0":"","td_1920x0":"","td_0x420":"","td_80x60":"","td_100x70":"","td_265x198":"","td_324x160":"","td_324x235":"","td_356x220":"","td_356x364":"","td_533x261":"","td_534x462":"","td_696x385":"","td_741x486":"","td_1068x580":""},"author_info":{"info":["RadioLaRioja"]},"category_info":"<a href=\"https:\/\/radiolarioja.com.ar\/rlr\/category\/nacional\/\" rel=\"category tag\">Nacional<\/a>","tag_info":"Nacional","comment_count":"0","_links":{"self":[{"href":"https:\/\/radiolarioja.com.ar\/rlr\/wp-json\/wp\/v2\/posts\/14904","targetHints":{"allow":["GET"]}}],"collection":[{"href":"https:\/\/radiolarioja.com.ar\/rlr\/wp-json\/wp\/v2\/posts"}],"about":[{"href":"https:\/\/radiolarioja.com.ar\/rlr\/wp-json\/wp\/v2\/types\/post"}],"author":[{"embeddable":true,"href":"https:\/\/radiolarioja.com.ar\/rlr\/wp-json\/wp\/v2\/users\/2"}],"replies":[{"embeddable":true,"href":"https:\/\/radiolarioja.com.ar\/rlr\/wp-json\/wp\/v2\/comments?post=14904"}],"version-history":[{"count":0,"href":"https:\/\/radiolarioja.com.ar\/rlr\/wp-json\/wp\/v2\/posts\/14904\/revisions"}],"wp:attachment":[{"href":"https:\/\/radiolarioja.com.ar\/rlr\/wp-json\/wp\/v2\/media?parent=14904"}],"wp:term":[{"taxonomy":"category","embeddable":true,"href":"https:\/\/radiolarioja.com.ar\/rlr\/wp-json\/wp\/v2\/categories?post=14904"},{"taxonomy":"post_tag","embeddable":true,"href":"https:\/\/radiolarioja.com.ar\/rlr\/wp-json\/wp\/v2\/tags?post=14904"}],"curies":[{"name":"wp","href":"https:\/\/api.w.org\/{rel}","templated":true}]}}