{"id":14900,"date":"2023-08-09T13:25:54","date_gmt":"2023-08-09T16:25:54","guid":{"rendered":"https:\/\/radiolarioja.com\/rlr\/?p=14900"},"modified":"2023-08-09T13:25:54","modified_gmt":"2023-08-09T16:25:54","slug":"historico-momento-se-vivio-en-la-liga-aimogastena-de-futbol-hombre-transgenero-que-firmo-para-jugar-en-el-club-river-plate-de-la-liga","status":"publish","type":"post","link":"https:\/\/radiolarioja.com.ar\/rlr\/historico-momento-se-vivio-en-la-liga-aimogastena-de-futbol-hombre-transgenero-que-firmo-para-jugar-en-el-club-river-plate-de-la-liga\/","title":{"rendered":"Hist\u00f3rico momento se vivi\u00f3 en la Liga Aimogaste\u00f1a de F\u00fatbol. Hombre transg\u00e9nero que firm\u00f3 para jugar en el Club River Plate de la Liga"},"content":{"rendered":"\n<p class=\"wp-block-paragraph\">Se trata del primer hombre transg\u00e9nero que firm\u00f3 para jugar en el Club River Plate de la Liga Aimogaste\u00f1a de F\u00fatbol. Se llama F\u00e9lix Cece Zurita, quien marca un momento hist\u00f3rico de inclusi\u00f3n en el f\u00fatbol masculino provincial, y se analiza si es el primer var\u00f3n trans a nivel nacional en el f\u00fatbol federado.<br \/>Un joven oriundo de Capital que reside hace varios a\u00f1os en Aimogasta, apasionado neto por bal\u00f3n pie, y un sue\u00f1o personal que abraza un mont\u00f3n de expectativas. Zurita integrar\u00e1 oficialmente su pertenencia al club River Plate del barrio Cooperativa de Aimogasta, y debutar\u00e1 el pr\u00f3ximo 20 de agosto en el Clausura 2023, cuando su equipo enfrente al Oriente Petrolero en el cuarto partido de la fecha.<br \/>El presidente de la LAF Ariel N\u00fa\u00f1ez, le dio una c\u00e1lida bienvenida unto a la mesa dirigencial el martes 8 de agosto en sede central de la instituci\u00f3n. Oportunamente, la m\u00e1xima autoridad del f\u00fatbol zonal y federado, expres\u00f3 que el hist\u00f3rico y emotivo acontecimiento ubica a la liga Aimogaste\u00f1a en un lugar importante dentro de lo que son estos casos poco vistos en el f\u00fatbol nacional.<br \/>\u201cEn el mundo, la discriminaci\u00f3n se agiganta en muchos aspectos, pero en nuestro pa\u00eds no es un tema en alto \u00edndice, la sociedad argentina siempre fue inclusiva en comparaci\u00f3n a otros pa\u00edses de la regi\u00f3n, pero por sobre todas las cosas, F\u00e9lix re\u00fane las condiciones para poder participar en nuestro f\u00fatbol, m\u00e1s all\u00e1 de los miles de debates que puedan presentarse, y quiz\u00e1s sea normal el tema debate, pero lo cierto es que si puede jugar y ser\u00e1 el inicio de un nuevo ciclo para nuestro f\u00fatbol de forma local, provincial, y creo que sin dudas es un hecho hist\u00f3rico tambi\u00e9n a nivel nacional\u201d Dijo el presidente de la LAF, quien adem\u00e1s, deseo suerte a Zurita en su nueva experiencia oficialmente, porque ya lo ven\u00eda haciendo de forma extraoficial.<br \/>Varios medios de la provincia y nacional intentaron comunicarse con el presidente de la LAF, pero no pudieron tener la nota period\u00edstica, pues la agenda institucional a d\u00edas del inicio del clausura, deb\u00eda tener la atenci\u00f3n de lo tratado en la mesa dirigencial, por lo que N\u00fa\u00f1ez pidi\u00f3 disculpas a los medios y comprometi\u00f3 brindar aportes d\u00edas posteriores, pero dio prioridad a la sesi\u00f3n futbol\u00edstica.<br \/>Zurita estuvo acompa\u00f1ado por referentes sociales LGBTI del \u00e1mbito local..<\/p>\n\n\n\n<figure class=\"wp-block-gallery has-nested-images columns-default is-cropped wp-block-gallery-1 is-layout-flex wp-block-gallery-is-layout-flex\">\n<figure class=\"wp-block-image size-large\"><img decoding=\"async\" data-id=\"14912\" src=\"https:\/\/radiolarioja.com\/rlr\/wp-content\/uploads\/2023\/08\/WhatsApp-Image-2023-08-09-at-13.15.49-1-1024x682.jpeg\" alt=\"\" class=\"wp-image-14912\"\/><\/figure>\n\n\n\n<figure class=\"wp-block-image size-large\"><img decoding=\"async\" data-id=\"14915\" src=\"https:\/\/radiolarioja.com\/rlr\/wp-content\/uploads\/2023\/08\/WhatsApp-Image-2023-08-09-at-13.15.50-1024x682.jpeg\" alt=\"\" class=\"wp-image-14915\"\/><\/figure>\n\n\n\n<figure class=\"wp-block-image size-large\"><img decoding=\"async\" data-id=\"14913\" src=\"https:\/\/radiolarioja.com\/rlr\/wp-content\/uploads\/2023\/08\/WhatsApp-Image-2023-08-09-at-13.15.50-1-1024x682.jpeg\" alt=\"\" class=\"wp-image-14913\"\/><\/figure>\n\n\n\n<figure class=\"wp-block-image size-large\"><img decoding=\"async\" data-id=\"14914\" src=\"https:\/\/radiolarioja.com\/rlr\/wp-content\/uploads\/2023\/08\/WhatsApp-Image-2023-08-09-at-13.15.49-1024x682.jpeg\" alt=\"\" class=\"wp-image-14914\"\/><\/figure>\n<\/figure>\n","protected":false},"excerpt":{"rendered":"<p>Se trata del primer hombre transg\u00e9nero que firm\u00f3 para jugar en el Club River Plate de la Liga Aimogaste\u00f1a de F\u00fatbol. Se llama F\u00e9lix Cece Zurita, quien marca un momento hist\u00f3rico de inclusi\u00f3n en el f\u00fatbol masculino provincial, y se analiza si es el primer var\u00f3n trans a nivel nacional en el f\u00fatbol federado.Un joven [&hellip;]<\/p>\n","protected":false},"author":2,"featured_media":14912,"comment_status":"open","ping_status":"open","sticky":false,"template":"","format":"standard","meta":{"tdm_status":"","tdm_grid_status":"","footnotes":""},"categories":[3],"tags":[],"class_list":["post-14900","post","type-post","status-publish","format-standard","has-post-thumbnail","category-deporte"],"featured_image_urls":{"full":"","thumbnail":"","medium":"","medium_large":"","large":"","1536x1536":"","2048x2048":"","td_218x150":"","td_324x400":"","td_485x360":"","td_696x0":"","td_1068x0":"","td_1920x0":"","td_0x420":"","td_80x60":"","td_100x70":"","td_265x198":"","td_324x160":"","td_324x235":"","td_356x220":"","td_356x364":"","td_533x261":"","td_534x462":"","td_696x385":"","td_741x486":"","td_1068x580":""},"author_info":{"info":["RadioLaRioja"]},"category_info":"<a href=\"https:\/\/radiolarioja.com.ar\/rlr\/category\/deporte\/\" rel=\"category tag\">Deporte<\/a>","tag_info":"Deporte","comment_count":"0","_links":{"self":[{"href":"https:\/\/radiolarioja.com.ar\/rlr\/wp-json\/wp\/v2\/posts\/14900","targetHints":{"allow":["GET"]}}],"collection":[{"href":"https:\/\/radiolarioja.com.ar\/rlr\/wp-json\/wp\/v2\/posts"}],"about":[{"href":"https:\/\/radiolarioja.com.ar\/rlr\/wp-json\/wp\/v2\/types\/post"}],"author":[{"embeddable":true,"href":"https:\/\/radiolarioja.com.ar\/rlr\/wp-json\/wp\/v2\/users\/2"}],"replies":[{"embeddable":true,"href":"https:\/\/radiolarioja.com.ar\/rlr\/wp-json\/wp\/v2\/comments?post=14900"}],"version-history":[{"count":0,"href":"https:\/\/radiolarioja.com.ar\/rlr\/wp-json\/wp\/v2\/posts\/14900\/revisions"}],"wp:attachment":[{"href":"https:\/\/radiolarioja.com.ar\/rlr\/wp-json\/wp\/v2\/media?parent=14900"}],"wp:term":[{"taxonomy":"category","embeddable":true,"href":"https:\/\/radiolarioja.com.ar\/rlr\/wp-json\/wp\/v2\/categories?post=14900"},{"taxonomy":"post_tag","embeddable":true,"href":"https:\/\/radiolarioja.com.ar\/rlr\/wp-json\/wp\/v2\/tags?post=14900"}],"curies":[{"name":"wp","href":"https:\/\/api.w.org\/{rel}","templated":true}]}}