{"id":14681,"date":"2023-08-08T23:59:55","date_gmt":"2023-08-09T02:59:55","guid":{"rendered":"https:\/\/radiolarioja.com\/rlr\/?p=14681"},"modified":"2023-08-08T23:59:55","modified_gmt":"2023-08-09T02:59:55","slug":"la-justicia-investiga-supuestas-pruebas-de-la-muerte-de-marita-veron","status":"publish","type":"post","link":"https:\/\/radiolarioja.com.ar\/rlr\/la-justicia-investiga-supuestas-pruebas-de-la-muerte-de-marita-veron\/","title":{"rendered":"La Justicia investiga supuestas pruebas de la muerte de Marita Ver\u00f3n"},"content":{"rendered":"\n<p class=\"wp-block-paragraph\"><strong>Lo confirm\u00f3 su mam\u00e1, Susana Trimarco<\/strong><\/p>\n\n\n\n<p class=\"wp-block-paragraph\">La Justicia de Tucum\u00e1n est\u00e1 buscando una \u00abcarpeta con fotos\u00bb que constatar\u00edan que la mujer pas\u00f3 por una cl\u00ednica de la capital de esa provincia.<\/p>\n\n\n\n<figure class=\"wp-block-image size-full\"><img decoding=\"async\" src=\"https:\/\/radiolarioja.com\/rlr\/wp-content\/uploads\/2023\/08\/755675-445720-whatsapp-20image-202022-04-03-20at-2018-06-04_0.jpg\" alt=\"\" class=\"wp-image-14683\"\/><\/figure>\n\n\n\n<p class=\"wp-block-paragraph\">Susana Trimarco, mam\u00e1 de Marita Ver\u00f3n, desaparecida hace 21 a\u00f1os en Tucum\u00e1n, confirm\u00f3 este martes que la Justicia Federal est\u00e1 investigando la posibilidad de que finalmente se confirme que su hija est\u00e1 muerta y que habr\u00eda pasado por una cl\u00ednica de la capital provincial, donde algunos \u00absectores gremiales\u00bb tendr\u00edan guardada una carpeta con fotos. Este mi\u00e9rcoles Trimarco dar\u00e1 una conferencia de prensa sobre el tema, en el que habr\u00eda ya dos personas involucradas.<\/p>\n\n\n\n<p class=\"wp-block-paragraph\">En su cuenta de la red social X, ex Twitter, Trimarco escribi\u00f3: \u00abNo podemos dar demasiada informaci\u00f3n, yo tampoco estoy totalmente informada sobre los detalles, pero hay informaci\u00f3n que est\u00e1 investigando el fiscal federal (Juan Agust\u00edn) Chit que tiene que ver con alguna documentaci\u00f3n que vincular\u00eda a determinados sectores gremiales con la posibilidad de que tengan conocimiento de que Marita habr\u00eda muerto\u00bb.<\/p>\n\n\n\n<p class=\"wp-block-paragraph\">Aclar\u00f3 que \u00abseguramente ma\u00f1ana (por este mi\u00e9rcoles) saquemos alguna informaci\u00f3n de prensa al respecto\u00bb. Y a\u00f1adi\u00f3: \u00abEn cuanto a la importancia que podr\u00eda llegar a tener esto, en primera instancia, para poder avanzar y conocer el destino final de Marita; por otro lado, por lo que hay hasta ahora vendr\u00eda a ser un complemento de lo que ya sabemos qu\u00e9 sucedi\u00f3 con Marita\u00bb.<\/p>\n\n\n\n<figure class=\"wp-block-image size-full is-resized\"><img fetchpriority=\"high\" decoding=\"async\" src=\"https:\/\/radiolarioja.com\/rlr\/wp-content\/uploads\/2023\/08\/755675-captura-20de-20pantalla-202023-08-08-20171053.jpg\" alt=\"\" class=\"wp-image-14684\" style=\"width:951px;height:725px\" width=\"951\" height=\"725\"\/><\/figure>\n\n\n\n<p class=\"wp-block-paragraph\">Y resalt\u00f3: \u00abA ella no la encontramos y el trabajo de seguirla buscando est\u00e1 todo el tiempo presente hasta que podamos saber qu\u00e9 pas\u00f3 con ella\u00bb.<\/p>\n\n\n\n<p class=\"wp-block-paragraph\"><strong>De qu\u00e9 se trata la nueva informaci\u00f3n<br \/><\/strong>Este martes, la periodista Mariana Romero revel\u00f3 la presunta existencia de \u00abuna carpeta\u00bb que tendr\u00eda fotos y pruebas de que Marita Ver\u00f3n pudo haber pasado \u2014aparentemente sin vida\u2014 por la cl\u00ednica Luz M\u00e9dica, de San Miguel de Tucum\u00e1n.<\/p>\n\n\n\n<p class=\"wp-block-paragraph\">Seg\u00fan la informaci\u00f3n que dio Mariana Romero, \u00abla historia de esta pista comienza en una pelea por una interna gremial. Nos ubicamos en el sindicato de Luz y Fuerza\u00bb.<\/p>\n\n\n\n<p class=\"wp-block-paragraph\">\u00abAll\u00ed, siempre de acuerdo a la investigaci\u00f3n, un sector amenaz\u00f3 a otro con sacar a luz &#8216;la carpeta&#8217;, que vendr\u00eda guardada desde hace a\u00f1os y que contendr\u00eda fotos del cuerpo de Marita Ver\u00f3n y pruebas de su paso por el sanatorio tucumano Luz M\u00e9dica\u00bb, cont\u00f3 en su cuenta de la red social.<\/p>\n\n\n\n<p class=\"wp-block-paragraph\">Tambi\u00e9n sostiene que \u00abeste dato llega a la Fundaci\u00f3n Mar\u00eda de Los \u00c1ngeles, como muchos datos que vienen llegando desde hace 21 a\u00f1os. Pero en esta oportunidad el aportante est\u00e1 a dispuesto a declarar ante la Justicia. Y lo hizo\u00bb.<\/p>\n\n\n\n<p class=\"wp-block-paragraph\">Por otro lado, cont\u00f3 en un hilo en la red social, que \u00abno se puede ordenar allanamientos solo con una declaraci\u00f3n. La Protex (Procuradur\u00eda de Trata y Explotaci\u00f3n de Personas) tom\u00f3 declaraciones a m\u00e1s personas que corroboraron el dato: la carpeta existir\u00eda. La fiscalia Federal a cargo de Agust\u00edn Chit tom\u00f3 la causa\u00bb.<\/p>\n\n\n\n<p class=\"wp-block-paragraph\">Desde el 8 de julio, la Justicia tom\u00f3 una serie de medidas para hallar esa carpeta. As\u00ed, hubo allanamientos \u2014dos en Buenos Aires y uno en Tucum\u00e1n\u2014 entre ellas, en el sanatorio Luz M\u00e9dica. Pero no se hall\u00f3 la documentaci\u00f3n en ninguno de esos tres domicilios.<\/p>\n\n\n\n<p class=\"wp-block-paragraph\">Por el momento, seg\u00fan la informaci\u00f3n dada a conocer, se cree que la carpeta que se busca \u00abhabr\u00eda permanecido en manos de diferentes dirigentes de Luz y Fuerza y habr\u00eda sido utilizada, durante a\u00f1os, como medio de extorsi\u00f3n entre bandos\u00bb, revel\u00f3 la periodista que difundi\u00f3 la noticia.<\/p>\n\n\n\n<p class=\"wp-block-paragraph\">En cuanto a la cl\u00ednica de Tucum\u00e1n, no se conoce por el momento si Marita Ver\u00f3n pas\u00f3 por all\u00ed viva o muerta. Y se hizo una presentaci\u00f3n judicial \u00abpara obtener documentaci\u00f3n que permita dilucidar si la joven pas\u00f3 por ese sitio con su nombre, con uno falso, o como NN\u00bb.<\/p>\n\n\n\n<figure class=\"wp-block-image size-full is-resized\"><img decoding=\"async\" src=\"https:\/\/radiolarioja.com\/rlr\/wp-content\/uploads\/2023\/08\/755675-captura-20de-20pantalla-202023-08-08-20165130.jpg\" alt=\"\" class=\"wp-image-14685\" style=\"width:948px;height:1319px\" width=\"948\" height=\"1319\"\/><\/figure>\n\n\n\n<p class=\"wp-block-paragraph\"><strong>Qu\u00e9 pas\u00f3 con Marita Ver\u00f3n<br \/><\/strong>Marita Ver\u00f3n ten\u00eda 22 a\u00f1os cuando fue raptada, el 3 de abril de 2002, en la ciudad de San Miguel de Tucum\u00e1n, por un grupo vinculado con el llamado clan \u00abAle\u00bb que se dedicaba al secuestro y la trata de personas con fines de explotaci\u00f3n sexual, y que tambi\u00e9n operaba en la provincia de La Rioja.<\/p>\n\n\n\n<p class=\"wp-block-paragraph\">La causa fue elevada a juicio con 13 acusados como coautores del delito de retenci\u00f3n y ocultamiento agravado para el ejercicio de la prostituci\u00f3n. La Sala II de la C\u00e1mara Penal los absolvi\u00f3 a todos, pero luego la Corte tucumana dio vuelta en parte el fallo y conden\u00f3 a los hermanos Jos\u00e9 Fernando y Gonzalo Jos\u00e9 G\u00f3mez a 22 a\u00f1os de prisi\u00f3n; Daniela Natalia Milhein y Andr\u00e9s Gonz\u00e1lez, a 18. Tambi\u00e9n fueron condenados como part\u00edcipes necesarios Carlos Alberto Luna y Domingo Pascual Andrada (17); Mar\u00eda Azucena M\u00e1rquez (15); Humberto Derobertis (12); Mariana Bustos y Cynthia Gait\u00e1n (10). Y mantuvo la absoluci\u00f3n de Mar\u00eda y V\u00edctor Rivero. Por otro lado, el fallecimiento de Irma Medina extingui\u00f3 la acci\u00f3n penal en su contra.<\/p>\n\n\n\n<p class=\"wp-block-paragraph\">Las investigaciones que encar\u00f3 sola su mam\u00e1, Susana Trimarco, permitieron a la Justicia arribar a la conclusi\u00f3n de que Marita hab\u00eda sido captada por una red de trata de personas.<\/p>\n\n\n\n<p class=\"wp-block-paragraph\">Gracias a su accionar, el caso lleg\u00f3 a la Corte Interamericana de Derechos Humanos (CIDH), convirti\u00e9ndose en una causa internacional, y la madre de la joven desaparecida obtuvo reconocimientos mundiales.<\/p>\n\n\n\n<p class=\"wp-block-paragraph\">Trimarco cre\u00f3 y preside la Fundaci\u00f3n Mar\u00eda de los \u00c1ngeles, que trabaja en la prevenci\u00f3n y asistencia de sobrevivientes de trata de personas y de sus hijas e hijos.<\/p>\n","protected":false},"excerpt":{"rendered":"<p>Lo confirm\u00f3 su mam\u00e1, Susana Trimarco La Justicia de Tucum\u00e1n est\u00e1 buscando una \u00abcarpeta con fotos\u00bb que constatar\u00edan que la mujer pas\u00f3 por una cl\u00ednica de la capital de esa provincia. Susana Trimarco, mam\u00e1 de Marita Ver\u00f3n, desaparecida hace 21 a\u00f1os en Tucum\u00e1n, confirm\u00f3 este martes que la Justicia Federal est\u00e1 investigando la posibilidad de [&hellip;]<\/p>\n","protected":false},"author":2,"featured_media":14683,"comment_status":"open","ping_status":"open","sticky":false,"template":"","format":"standard","meta":{"tdm_status":"","tdm_grid_status":"","footnotes":""},"categories":[12],"tags":[],"class_list":["post-14681","post","type-post","status-publish","format-standard","has-post-thumbnail","category-local"],"featured_image_urls":{"full":"","thumbnail":"","medium":"","medium_large":"","large":"","1536x1536":"","2048x2048":"","td_218x150":"","td_324x400":"","td_485x360":"","td_696x0":"","td_1068x0":"","td_1920x0":"","td_0x420":"","td_80x60":"","td_100x70":"","td_265x198":"","td_324x160":"","td_324x235":"","td_356x220":"","td_356x364":"","td_533x261":"","td_534x462":"","td_696x385":"","td_741x486":"","td_1068x580":""},"author_info":{"info":["RadioLaRioja"]},"category_info":"<a href=\"https:\/\/radiolarioja.com.ar\/rlr\/category\/local\/\" rel=\"category tag\">Local<\/a>","tag_info":"Local","comment_count":"0","_links":{"self":[{"href":"https:\/\/radiolarioja.com.ar\/rlr\/wp-json\/wp\/v2\/posts\/14681","targetHints":{"allow":["GET"]}}],"collection":[{"href":"https:\/\/radiolarioja.com.ar\/rlr\/wp-json\/wp\/v2\/posts"}],"about":[{"href":"https:\/\/radiolarioja.com.ar\/rlr\/wp-json\/wp\/v2\/types\/post"}],"author":[{"embeddable":true,"href":"https:\/\/radiolarioja.com.ar\/rlr\/wp-json\/wp\/v2\/users\/2"}],"replies":[{"embeddable":true,"href":"https:\/\/radiolarioja.com.ar\/rlr\/wp-json\/wp\/v2\/comments?post=14681"}],"version-history":[{"count":0,"href":"https:\/\/radiolarioja.com.ar\/rlr\/wp-json\/wp\/v2\/posts\/14681\/revisions"}],"wp:attachment":[{"href":"https:\/\/radiolarioja.com.ar\/rlr\/wp-json\/wp\/v2\/media?parent=14681"}],"wp:term":[{"taxonomy":"category","embeddable":true,"href":"https:\/\/radiolarioja.com.ar\/rlr\/wp-json\/wp\/v2\/categories?post=14681"},{"taxonomy":"post_tag","embeddable":true,"href":"https:\/\/radiolarioja.com.ar\/rlr\/wp-json\/wp\/v2\/tags?post=14681"}],"curies":[{"name":"wp","href":"https:\/\/api.w.org\/{rel}","templated":true}]}}